{"id":112041,"date":"2022-02-15T22:01:04","date_gmt":"2022-02-16T03:01:04","guid":{"rendered":"https:\/\/elinformanteperu.com\/?p=112041"},"modified":"2022-02-15T22:01:04","modified_gmt":"2022-02-16T03:01:04","slug":"cusco-exporta-21-toneladas-de-palta-hass-a-europa-y-proyecta-superar-cifras-del-2021","status":"publish","type":"post","link":"https:\/\/elinformanteperu.com\/index.php\/2022\/02\/15\/cusco-exporta-21-toneladas-de-palta-hass-a-europa-y-proyecta-superar-cifras-del-2021\/","title":{"rendered":"Cusco exporta 21 toneladas de palta hass a Europa y proyecta superar cifras del 2021"},"content":{"rendered":"<p><strong><span style=\"color: #000000;\">En la campa\u00f1a pasada se registraron env\u00edos de hasta 432 toneladas a Europa y Asia<\/span><\/strong><\/p>\n<p><span style=\"color: #000000;\"><strong>Lima, 15 de Febrero 2022, (ANDINA).-<\/strong> Productores de palta del valle de Limatambo, distrito ubicado en la provincia cusque\u00f1a de Anta, iniciaron el a\u00f1o con la exportaci\u00f3n de 21 toneladas del fruto de la variedad hass a pa\u00edses europeos, inform\u00f3 hoy el Servicio Nacional de Sanidad Agraria (Senasa).<\/span><\/p>\n<p><span style=\"color: #000000;\">El jefe del \u00e1rea de Sanidad Vegetal del Senasa Cusco, Pedro Castro, confirm\u00f3 que con este primer lote se espera superar las cifras de exportaci\u00f3n logradas durante la campa\u00f1a pasada (2021), en la que se registraron env\u00edos de hasta 432 toneladas a Europa y Asia.<\/span><\/p>\n<p><span style=\"color: #000000;\">Se\u00f1al\u00f3 que las paltas, que cuentan con respaldo fitosanitario, partieron con gran expectativa pese a la coyuntura; Cusco es una de las principales regiones productoras de este fruto en el sur del pa\u00eds.<\/span><\/p>\n<p><span style=\"color: #000000;\">Explic\u00f3 que actualmente se produce en 15 sectores y con 82 socios, que forman parte de la Cooperativa de Productores Frut\u00edcolas de Palto, la cual destina el 70 % de su producci\u00f3n al mercado externo y el 30 % al mercado nacional.<\/span><\/p>\n<p><strong><span style=\"color: #000000;\">Certificaci\u00f3n<\/span><\/strong><\/p>\n<p><span style=\"color: #000000;\">\u201cEl Senasa ha logrado certificar 102 hect\u00e1reas de producci\u00f3n de palta hass en lo que va del 2022. Mediante esta certificaci\u00f3n se busca garantizar que la palta cumpla con la normativa internacional y los requisitos fitosanitarios exigidos por los pa\u00edses importadores\u201d, explic\u00f3.<\/span><\/p>\n<p><span style=\"color: #000000;\">Castro destac\u00f3 que entre los principales mercados adonde se dirige la producci\u00f3n de palta hass figuran China, Jap\u00f3n, Tailandia, Inglaterra, Francia, Espa\u00f1a, Pa\u00edses bajos, Suiza, Uni\u00f3n Europea, Estados Unidos, Chile, Argentina, y se espera que este a\u00f1o las gestiones permitan llegar a Corea.<\/span><\/p>\n","protected":false},"excerpt":{"rendered":"<p>En la campa\u00f1a pasada se registraron env\u00edos de hasta 432 toneladas a Europa y Asia Lima, 15 de Febrero 2022, (ANDINA).- Productores de palta del valle de Limatambo, distrito ubicado en la provincia cusque\u00f1a de Anta, iniciaron el a\u00f1o con la exportaci\u00f3n de 21 toneladas del fruto de la variedad hass a pa\u00edses europeos, inform\u00f3 [&hellip;]<\/p>\n","protected":false},"author":1,"featured_media":112042,"comment_status":"closed","ping_status":"closed","sticky":false,"template":"","format":"standard","meta":{"rop_custom_images_group":[],"rop_custom_messages_group":[],"rop_publish_now":"initial","rop_publish_now_accounts":[],"rop_publish_now_history":[],"rop_publish_now_status":"pending","footnotes":""},"categories":[10],"tags":[1226,1507],"class_list":["post-112041","post","type-post","status-publish","format-standard","has-post-thumbnail","hentry","category-actualidad-municipal","tag-cusco","tag-senasa"],"_links":{"self":[{"href":"https:\/\/elinformanteperu.com\/index.php\/wp-json\/wp\/v2\/posts\/112041","targetHints":{"allow":["GET"]}}],"collection":[{"href":"https:\/\/elinformanteperu.com\/index.php\/wp-json\/wp\/v2\/posts"}],"about":[{"href":"https:\/\/elinformanteperu.com\/index.php\/wp-json\/wp\/v2\/types\/post"}],"author":[{"embeddable":true,"href":"https:\/\/elinformanteperu.com\/index.php\/wp-json\/wp\/v2\/users\/1"}],"replies":[{"embeddable":true,"href":"https:\/\/elinformanteperu.com\/index.php\/wp-json\/wp\/v2\/comments?post=112041"}],"version-history":[{"count":1,"href":"https:\/\/elinformanteperu.com\/index.php\/wp-json\/wp\/v2\/posts\/112041\/revisions"}],"predecessor-version":[{"id":112043,"href":"https:\/\/elinformanteperu.com\/index.php\/wp-json\/wp\/v2\/posts\/112041\/revisions\/112043"}],"wp:featuredmedia":[{"embeddable":true,"href":"https:\/\/elinformanteperu.com\/index.php\/wp-json\/wp\/v2\/media\/112042"}],"wp:attachment":[{"href":"https:\/\/elinformanteperu.com\/index.php\/wp-json\/wp\/v2\/media?parent=112041"}],"wp:term":[{"taxonomy":"category","embeddable":true,"href":"https:\/\/elinformanteperu.com\/index.php\/wp-json\/wp\/v2\/categories?post=112041"},{"taxonomy":"post_tag","embeddable":true,"href":"https:\/\/elinformanteperu.com\/index.php\/wp-json\/wp\/v2\/tags?post=112041"}],"curies":[{"name":"wp","href":"https:\/\/api.w.org\/{rel}","templated":true}]}}