{"id":112036,"date":"2022-02-15T21:22:56","date_gmt":"2022-02-16T02:22:56","guid":{"rendered":"https:\/\/elinformanteperu.com\/?p=112036"},"modified":"2022-02-15T21:22:56","modified_gmt":"2022-02-16T02:22:56","slug":"paolo-guerrero-y-el-emotivo-mensaje-al-club-de-sus-amores-alianza-lima","status":"publish","type":"post","link":"https:\/\/elinformanteperu.com\/index.php\/2022\/02\/15\/paolo-guerrero-y-el-emotivo-mensaje-al-club-de-sus-amores-alianza-lima\/","title":{"rendered":"Paolo Guerrero y el emotivo mensaje al \u00abclub de sus amores\u00bb Alianza Lima"},"content":{"rendered":"<p><span style=\"color: #000000;\"><strong>Lima, 15 de Febrero 2022, (ANDINA).-<\/strong> Paolo Guerrero se encuentra en Estados Unidos, donde se encuentra en terapias para hallar la recuperaci\u00f3n total de su rodilla lastimada, aprovech\u00f3 para saludar a Alianza Lima por sus 121 a\u00f1os de aniversario y lo calific\u00f3 como el \u00abequipo de sus amores\u00bb.<\/span><\/p>\n<p><span style=\"color: #000000;\">Paolo Guerrero no olvid\u00f3 que el d\u00eda de hoy es una fecha especial para el club que lo form\u00f3 y no dud\u00f3 para expresar su amor a la instituci\u00f3n victoriana.<\/span><\/p>\n<p><span style=\"color: #000000;\">\u00abQuiero felicitar al club de mis amores por su aniversario 121. Gracias por tantas satisfacciones y alegr\u00edas para todo el pueblo blanquiazul \u00a1Arriba Alianza toda la vida!\u00bb, escribi\u00f3 en su historia de Instagram acompa\u00f1ado de una foto vistiendo la camiseta \u00edntima cuando era ni\u00f1o.<\/span><\/p>\n<p><span style=\"color: #000000;\">Paolo Guerrero, se encuentra sin club desde octubre del a\u00f1o pasado, cuando rescindi\u00f3 su contrato con el Inter de Porto Alegre.<\/span><\/p>\n<p><span style=\"color: #000000;\">No obstante que el delantero nacional ha negado haber cerrado tratos con Alianza Lima, la prensa especialidad da por hecho su llegada al club \u00ab\u00edntimo\u00bb para marzo. Por ahora, lo m\u00e1s importante para el delantero es llegar totalmente recuperado para disputar los \u00faltimos partidos de eliminatorias al Mundial Catar 2022 con la selecci\u00f3n peruana.<\/span><\/p>\n<p><a href=\"https:\/\/elinformanteperu.com\/wp-content\/uploads\/2022\/02\/paolo-mensaje-alianza.jpg\"><img fetchpriority=\"high\" decoding=\"async\" class=\" wp-image-112037 aligncenter\" src=\"https:\/\/elinformanteperu.com\/wp-content\/uploads\/2022\/02\/paolo-mensaje-alianza.jpg\" alt=\"\" width=\"273\" height=\"486\" srcset=\"https:\/\/elinformanteperu.com\/wp-content\/uploads\/2022\/02\/paolo-mensaje-alianza.jpg 281w, https:\/\/elinformanteperu.com\/wp-content\/uploads\/2022\/02\/paolo-mensaje-alianza-169x300.jpg 169w\" sizes=\"(max-width: 273px) 100vw, 273px\" \/><\/a><\/p>\n","protected":false},"excerpt":{"rendered":"<p>Lima, 15 de Febrero 2022, (ANDINA).- Paolo Guerrero se encuentra en Estados Unidos, donde se encuentra en terapias para hallar la recuperaci\u00f3n total de su rodilla lastimada, aprovech\u00f3 para saludar a Alianza Lima por sus 121 a\u00f1os de aniversario y lo calific\u00f3 como el \u00abequipo de sus amores\u00bb. Paolo Guerrero no olvid\u00f3 que el d\u00eda [&hellip;]<\/p>\n","protected":false},"author":1,"featured_media":106847,"comment_status":"closed","ping_status":"closed","sticky":false,"template":"","format":"standard","meta":{"rop_custom_images_group":[],"rop_custom_messages_group":[],"rop_publish_now":"initial","rop_publish_now_accounts":[],"rop_publish_now_history":[],"rop_publish_now_status":"pending","footnotes":""},"categories":[8],"tags":[91,203],"class_list":["post-112036","post","type-post","status-publish","format-standard","has-post-thumbnail","hentry","category-disciplinas-deportivas","tag-alianza-lima","tag-paolo-guerrero"],"_links":{"self":[{"href":"https:\/\/elinformanteperu.com\/index.php\/wp-json\/wp\/v2\/posts\/112036","targetHints":{"allow":["GET"]}}],"collection":[{"href":"https:\/\/elinformanteperu.com\/index.php\/wp-json\/wp\/v2\/posts"}],"about":[{"href":"https:\/\/elinformanteperu.com\/index.php\/wp-json\/wp\/v2\/types\/post"}],"author":[{"embeddable":true,"href":"https:\/\/elinformanteperu.com\/index.php\/wp-json\/wp\/v2\/users\/1"}],"replies":[{"embeddable":true,"href":"https:\/\/elinformanteperu.com\/index.php\/wp-json\/wp\/v2\/comments?post=112036"}],"version-history":[{"count":1,"href":"https:\/\/elinformanteperu.com\/index.php\/wp-json\/wp\/v2\/posts\/112036\/revisions"}],"predecessor-version":[{"id":112038,"href":"https:\/\/elinformanteperu.com\/index.php\/wp-json\/wp\/v2\/posts\/112036\/revisions\/112038"}],"wp:featuredmedia":[{"embeddable":true,"href":"https:\/\/elinformanteperu.com\/index.php\/wp-json\/wp\/v2\/media\/106847"}],"wp:attachment":[{"href":"https:\/\/elinformanteperu.com\/index.php\/wp-json\/wp\/v2\/media?parent=112036"}],"wp:term":[{"taxonomy":"category","embeddable":true,"href":"https:\/\/elinformanteperu.com\/index.php\/wp-json\/wp\/v2\/categories?post=112036"},{"taxonomy":"post_tag","embeddable":true,"href":"https:\/\/elinformanteperu.com\/index.php\/wp-json\/wp\/v2\/tags?post=112036"}],"curies":[{"name":"wp","href":"https:\/\/api.w.org\/{rel}","templated":true}]}}