{"id":112022,"date":"2022-02-15T00:12:59","date_gmt":"2022-02-15T05:12:59","guid":{"rendered":"https:\/\/elinformanteperu.com\/?p=112022"},"modified":"2022-02-15T00:12:59","modified_gmt":"2022-02-15T05:12:59","slug":"la-prohibicion-de-dos-pasajeros-en-una-moto-se-aplicaria-solo-en-lima-y-callao","status":"publish","type":"post","link":"https:\/\/elinformanteperu.com\/index.php\/2022\/02\/15\/la-prohibicion-de-dos-pasajeros-en-una-moto-se-aplicaria-solo-en-lima-y-callao\/","title":{"rendered":"La prohibici\u00f3n de dos pasajeros en una moto se aplicar\u00eda solo en Lima y Callao"},"content":{"rendered":"<p><strong><span style=\"color: #000000;\">Ministro Ch\u00e1varry afirma que no es una \u2018medida populista\u2019 sino parte de una estrategia para reforzar la seguridad<\/span><\/strong><\/p>\n<p><span style=\"color: #000000;\"><strong>Lima, 14 de Febrero 2022, (ANDINA).-<\/strong> La propuesta para prohibir la circulaci\u00f3n de dos pasajeros en una misma moto lineal \u201cno es una medida populista\u201d y se aplicar\u00eda, por el momento, solo en Lima y Callao, afirm\u00f3 hoy el titular del Ministerio del Interior (Mininter), Alfonso Ch\u00e1varry.<\/span><\/p>\n<p><span style=\"color: #000000;\">\u201cEl pueblo es testigo (de los robos en moto) y exige esta prohibici\u00f3n\u201d, coment\u00f3 el ministro, al referir que este planteamiento es muy importante para la seguridad ciudadana y forma parte de las estrategias que impulsa su despacho para luchar de manera eficaz contra la delincuencia.<\/span><\/p>\n<p><span style=\"color: #000000;\">Ch\u00e1varry sostuvo hoy una reuni\u00f3n con el alcalde distrital de Miraflores, Luis Molina, con quien coordin\u00f3 estrategias para reforzar la seguridad en dicha comuna capitalina.<\/span><\/p>\n<p><strong><span style=\"color: #000000;\">\u00bfAplicaci\u00f3n en provincias?<\/span><\/strong><\/p>\n<p><span style=\"color: #000000;\">En distintos puntos de Lima y Callao, un alto porcentaje de los robos es cometido por delincuentes que se desplazan en motocicletas, de a dos en la mayor\u00eda de casos: el que va como pasajero comete el arrebato propiamente dicho y el c\u00f3mplice conduce el veh\u00edculo para la fuga.<\/span><\/p>\n<p><span style=\"color: #000000;\">Al culminar la mesa de trabajo con el alcalde Molina, el titular del Mininter remarc\u00f3 que ambas instituciones concuerdan en que es de suma importancia que el Congreso de la Rep\u00fablica apruebe la norma que proh\u00edbe que m\u00e1s de una persona circule en una moto lineal.<\/span><\/p>\n<p><span style=\"color: #000000;\">Al respecto, detall\u00f3 que esta medida se aplicar\u00e1 solo en Lima y Callao y no en la selva del pa\u00eds, donde el uso de estos veh\u00edculos es masivo. \u00abHay que evaluar si se aplica en las dem\u00e1s provincias, porque tienen su propia problem\u00e1tica\u00bb.<\/span><\/p>\n<p><span style=\"color: #000000;\">Camino legal<\/span><\/p>\n<p><span style=\"color: #000000;\">D\u00edas atr\u00e1s, el presidente del Consejo de Ministros, An\u00edbal Torres, remarc\u00f3 que el Gobierno Central presentar\u00e1 un proyecto de ley ante el Congreso para prohibir que m\u00e1s de una persona transite en una moto lineal.<\/span><\/p>\n<p><span style=\"color: #000000;\">Esta iniciativa tambi\u00e9n fue planteada en el 2019 por el alcalde Luis Molina. Sin embargo, hasta la fecha ese proyecto no ha sido votado en sesi\u00f3n del Congreso, a pesar de su aprobaci\u00f3n en la Comisi\u00f3n de Defensa Nacional, Orden Interno, Desarrollo Alternativo y Lucha Contra las Drogas.<\/span><\/p>\n<p><span style=\"color: #000000;\">En la reuni\u00f3n de hoy, Ch\u00e1varry y Molina dialogaron tambi\u00e9n sobre estrategias conjuntas para combatir la delincuencia com\u00fan y el tr\u00e1fico il\u00edcito de drogas en Miraflores, as\u00ed como para intensificar el patrullaje integrado entre la Polic\u00eda Nacional y el serenazgo de este distrito.<\/span><\/p>\n<p><strong><span style=\"color: #000000;\">Celeridad en procesos<\/span><\/strong><\/p>\n<p><span style=\"color: #000000;\">Tras culminar la mesa de trabajo en la Municipalidad de Miraflores, el ministro Ch\u00e1varry visit\u00f3 la sede del Palacio de Justicia, donde sostuvo una reuni\u00f3n con la titular del Poder Judicial, la magistrada Elvia Barrios.<\/span><\/p>\n<p><span style=\"color: #000000;\">En el lugar, ambas autoridades analizaron futuras mejoras en relaci\u00f3n con los procesos legales tras una detenci\u00f3n en flagrancia por parte de la Polic\u00eda Nacional, con la finalidad de optimizar las diligencias de ley correspondientes.<\/span><\/p>\n","protected":false},"excerpt":{"rendered":"<p>Ministro Ch\u00e1varry afirma que no es una \u2018medida populista\u2019 sino parte de una estrategia para reforzar la seguridad Lima, 14 de Febrero 2022, (ANDINA).- La propuesta para prohibir la circulaci\u00f3n de dos pasajeros en una misma moto lineal \u201cno es una medida populista\u201d y se aplicar\u00eda, por el momento, solo en Lima y Callao, afirm\u00f3 [&hellip;]<\/p>\n","protected":false},"author":1,"featured_media":112023,"comment_status":"closed","ping_status":"closed","sticky":false,"template":"","format":"standard","meta":{"rop_custom_images_group":[],"rop_custom_messages_group":[],"rop_publish_now":"initial","rop_publish_now_accounts":[],"rop_publish_now_history":[],"rop_publish_now_status":"pending","footnotes":""},"categories":[5],"tags":[7020,401,280],"class_list":["post-112022","post","type-post","status-publish","format-standard","has-post-thumbnail","hentry","category-actualidad-informativa","tag-alfonso-chavarry","tag-mininter","tag-ministerio-del-interior"],"_links":{"self":[{"href":"https:\/\/elinformanteperu.com\/index.php\/wp-json\/wp\/v2\/posts\/112022","targetHints":{"allow":["GET"]}}],"collection":[{"href":"https:\/\/elinformanteperu.com\/index.php\/wp-json\/wp\/v2\/posts"}],"about":[{"href":"https:\/\/elinformanteperu.com\/index.php\/wp-json\/wp\/v2\/types\/post"}],"author":[{"embeddable":true,"href":"https:\/\/elinformanteperu.com\/index.php\/wp-json\/wp\/v2\/users\/1"}],"replies":[{"embeddable":true,"href":"https:\/\/elinformanteperu.com\/index.php\/wp-json\/wp\/v2\/comments?post=112022"}],"version-history":[{"count":1,"href":"https:\/\/elinformanteperu.com\/index.php\/wp-json\/wp\/v2\/posts\/112022\/revisions"}],"predecessor-version":[{"id":112024,"href":"https:\/\/elinformanteperu.com\/index.php\/wp-json\/wp\/v2\/posts\/112022\/revisions\/112024"}],"wp:featuredmedia":[{"embeddable":true,"href":"https:\/\/elinformanteperu.com\/index.php\/wp-json\/wp\/v2\/media\/112023"}],"wp:attachment":[{"href":"https:\/\/elinformanteperu.com\/index.php\/wp-json\/wp\/v2\/media?parent=112022"}],"wp:term":[{"taxonomy":"category","embeddable":true,"href":"https:\/\/elinformanteperu.com\/index.php\/wp-json\/wp\/v2\/categories?post=112022"},{"taxonomy":"post_tag","embeddable":true,"href":"https:\/\/elinformanteperu.com\/index.php\/wp-json\/wp\/v2\/tags?post=112022"}],"curies":[{"name":"wp","href":"https:\/\/api.w.org\/{rel}","templated":true}]}}