{"id":112013,"date":"2022-02-14T22:24:44","date_gmt":"2022-02-15T03:24:44","guid":{"rendered":"https:\/\/elinformanteperu.com\/?p=112013"},"modified":"2022-02-14T22:24:44","modified_gmt":"2022-02-15T03:24:44","slug":"jefe-de-gabinete-anuncia-ronda-de-conversaciones-con-bancadas-en-busca-de-consenso","status":"publish","type":"post","link":"https:\/\/elinformanteperu.com\/index.php\/2022\/02\/14\/jefe-de-gabinete-anuncia-ronda-de-conversaciones-con-bancadas-en-busca-de-consenso\/","title":{"rendered":"Jefe de Gabinete anuncia ronda de conversaciones con bancadas en busca de consenso"},"content":{"rendered":"<p><strong><span style=\"color: #000000;\">Llama a fuerzas pol\u00edticas del Congreso a trabajar en la agenda pa\u00eds<\/span><\/strong><\/p>\n<p><span style=\"color: #000000;\"><strong>Lima, 14 de Febrero 2022, (ANDINA).-<\/strong> El presidente del Consejo de Ministros, An\u00edbal Torres, dijo hoy que, en aras de la gobernabilidad y el consenso democr\u00e1tico, iniciar\u00e1 una ronda de conversaciones con las bancadas en el Congreso, antes de presentarse ante el pleno del Legislativo, para la exposici\u00f3n de su plan de trabajo y solicitar el voto de confianza.<\/span><\/p>\n<p><span style=\"color: #000000;\">En conferencia de prensa, en Palacio de Gobierno, el titular de la PCM hizo una invocaci\u00f3n a las fuerzas pol\u00edticas a dejar de lado la confrontaci\u00f3n y trabajar de manera consensuada por el desarrollo del pa\u00eds, tras cuestionar la existencia de sectores pol\u00edticos que insisten en la vacancia del presidente Pedro Castillo.<\/span><\/p>\n<p><span style=\"color: #000000;\">\u201cEn acto democr\u00e1tico y b\u00fasqueda de consensos, llamamos a todas las fuerzas pol\u00edticas representadas en el Congreso a trabajar de manera conjunta en la agenda pa\u00eds. Para ello visitar\u00e9 a cada una de las bancadas en las pr\u00f3ximas horas para dialogar y recoger sus inquietudes, e incorporarlos en la pol\u00edtica general de gobierno\u00bb, dijo Torres.<\/span><\/p>\n<p><span style=\"color: #000000;\">\u00abEl Per\u00fa est\u00e1 esperando de nosotros que gobernemos, que dejemos de pelear, que dejemos la confrontaci\u00f3n, y que afrontemos las tareas important\u00edsimas que necesita el pa\u00eds\u201d, entre las que mencion\u00f3 la vacunaci\u00f3n de la poblaci\u00f3n y la reactivaci\u00f3n econ\u00f3mica\u00bb, agreg\u00f3.<\/span><\/p>\n<p><strong><span style=\"color: #000000;\">Presentaci\u00f3n ante el Congreso<\/span><\/strong><\/p>\n<p><span style=\"color: #000000;\">Indic\u00f3 que en las pr\u00f3ximas horas enviar\u00e1 al Congreso la solicitud para fijar la fecha y hora de su presentaci\u00f3n ante el pleno, en cumplimiento de lo que dispone la Constituci\u00f3n, que establece 30 d\u00edas de plazo para que el nuevo gabinete exponga su pol\u00edtica de gobierno y solicite el voto de confianza.<\/span><\/p>\n<p><span style=\"color: #000000;\">\u201cEl gabinete y el presidente (Pedro Castillo) nos mantenemos unidos y firmes en defensa de la democracia y el orden constitucional. Nada impedir\u00e1 que sigamos trabajando para enfrentar los grandes problemas nacionales, todos los peruanos, gobernantes y gobernados, nos tenemos que unir para sacar al pa\u00eds del subdesarrollo\u201d, se\u00f1al\u00f3.<\/span><\/p>\n<p><span style=\"color: #000000;\">En ese punto, refiri\u00f3 que el Gobierno respetar\u00e1 la decisi\u00f3n que tome el Congreso, respecto al voto de confianza al gabinete que preside.<\/span><\/p>\n","protected":false},"excerpt":{"rendered":"<p>Llama a fuerzas pol\u00edticas del Congreso a trabajar en la agenda pa\u00eds Lima, 14 de Febrero 2022, (ANDINA).- El presidente del Consejo de Ministros, An\u00edbal Torres, dijo hoy que, en aras de la gobernabilidad y el consenso democr\u00e1tico, iniciar\u00e1 una ronda de conversaciones con las bancadas en el Congreso, antes de presentarse ante el pleno [&hellip;]<\/p>\n","protected":false},"author":1,"featured_media":112014,"comment_status":"closed","ping_status":"closed","sticky":false,"template":"","format":"standard","meta":{"rop_custom_images_group":[],"rop_custom_messages_group":[],"rop_publish_now":"initial","rop_publish_now_accounts":[],"rop_publish_now_history":[],"rop_publish_now_status":"pending","footnotes":""},"categories":[5],"tags":[6582,189,2317],"class_list":["post-112013","post","type-post","status-publish","format-standard","has-post-thumbnail","hentry","category-actualidad-informativa","tag-anibal-torres","tag-pcm","tag-presidencia-del-consejo-de-ministros"],"_links":{"self":[{"href":"https:\/\/elinformanteperu.com\/index.php\/wp-json\/wp\/v2\/posts\/112013","targetHints":{"allow":["GET"]}}],"collection":[{"href":"https:\/\/elinformanteperu.com\/index.php\/wp-json\/wp\/v2\/posts"}],"about":[{"href":"https:\/\/elinformanteperu.com\/index.php\/wp-json\/wp\/v2\/types\/post"}],"author":[{"embeddable":true,"href":"https:\/\/elinformanteperu.com\/index.php\/wp-json\/wp\/v2\/users\/1"}],"replies":[{"embeddable":true,"href":"https:\/\/elinformanteperu.com\/index.php\/wp-json\/wp\/v2\/comments?post=112013"}],"version-history":[{"count":1,"href":"https:\/\/elinformanteperu.com\/index.php\/wp-json\/wp\/v2\/posts\/112013\/revisions"}],"predecessor-version":[{"id":112015,"href":"https:\/\/elinformanteperu.com\/index.php\/wp-json\/wp\/v2\/posts\/112013\/revisions\/112015"}],"wp:featuredmedia":[{"embeddable":true,"href":"https:\/\/elinformanteperu.com\/index.php\/wp-json\/wp\/v2\/media\/112014"}],"wp:attachment":[{"href":"https:\/\/elinformanteperu.com\/index.php\/wp-json\/wp\/v2\/media?parent=112013"}],"wp:term":[{"taxonomy":"category","embeddable":true,"href":"https:\/\/elinformanteperu.com\/index.php\/wp-json\/wp\/v2\/categories?post=112013"},{"taxonomy":"post_tag","embeddable":true,"href":"https:\/\/elinformanteperu.com\/index.php\/wp-json\/wp\/v2\/tags?post=112013"}],"curies":[{"name":"wp","href":"https:\/\/api.w.org\/{rel}","templated":true}]}}