{"id":112010,"date":"2022-02-14T22:21:06","date_gmt":"2022-02-15T03:21:06","guid":{"rendered":"https:\/\/elinformanteperu.com\/?p=112010"},"modified":"2022-02-14T22:21:06","modified_gmt":"2022-02-15T03:21:06","slug":"ministerio-de-trabajo-el-peru-necesita-estabilidad-politica","status":"publish","type":"post","link":"https:\/\/elinformanteperu.com\/index.php\/2022\/02\/14\/ministerio-de-trabajo-el-peru-necesita-estabilidad-politica\/","title":{"rendered":"Ministerio de Trabajo: el Per\u00fa necesita estabilidad pol\u00edtica"},"content":{"rendered":"<p><strong><span style=\"color: #000000;\">Una vez m\u00e1s el gabinete ministerial llama a puentes de di\u00e1logo, afirma ministra Betssy Ch\u00e1vez<\/span><\/strong><\/p>\n<p><span style=\"color: #000000;\"><strong>Lima, 14 de Febrero 2022, (ANDINA).-<\/strong> La ministra de Trabajo y Promoci\u00f3n del Empleo, Betssy Ch\u00e1vez, sostuvo hoy que nuestro pa\u00eds necesita estabilidad pol\u00edtica.<\/span><\/p>\n<p><span style=\"color: #000000;\">\u201cNecesitamos justamente que los pol\u00edticos, que tenemos el encargo de llevar los destinos del pa\u00eds, puedan salir del metro cuadrado de soberbia pol\u00edtica y que dejen las etiquetas partidarias para que puedan ver que tenemos m\u00e1s coincidencias que diferencias\u201d, manifest\u00f3 en conferencia de prensa en Palacio de Gobierno.<\/span><\/p>\n<p><span style=\"color: #000000;\">Una vez m\u00e1s el gabinete ministerial llama a puentes de di\u00e1logo y de consensos no como una ret\u00f3rica, sino pensando en la estabilidad del pa\u00eds, enfatiz\u00f3.<\/span><\/p>\n<p><span style=\"color: #000000;\">\u201cComo indic\u00f3 el premier pediremos el voto de confianza dentro del plazo de los 30 d\u00edas, pero que esos 30 d\u00edas no signifiquen un d\u00eda m\u00e1s para ver m\u00e1s argucias legales que contravengan la Constituci\u00f3n, sino que signifiquen dar el voto de confianza a un gabinete que quiere trabajar por las pol\u00edticas generales del Gobierno y sobre todo trabajar por el consenso en el pa\u00eds\u201d, dijo.<\/span><\/p>\n<p><strong><span style=\"color: #000000;\">Compromiso<\/span><\/strong><\/p>\n<p><span style=\"color: #000000;\">Ch\u00e1vez afirm\u00f3 que quienes dirigen una cartera ministerial son como aves de paso. \u201cPero no por la corta temporada del cargo se est\u00e1 exento de asumir la responsabilidad moral e hist\u00f3rica de poder defender la democracia. Es un papel que una vez m\u00e1s nos toca llevar a cabo\u201d, manifest\u00f3.<\/span><\/p>\n<p><span style=\"color: #000000;\">Hemos indicado en diversas oportunidades que la democracia no es un sistema perfecto, pero es el que nos permite vivir civilizadamente para poder anteponer nuestras coincidencias a nuestras diferencias, subray\u00f3.<\/span><\/p>\n","protected":false},"excerpt":{"rendered":"<p>Una vez m\u00e1s el gabinete ministerial llama a puentes de di\u00e1logo, afirma ministra Betssy Ch\u00e1vez Lima, 14 de Febrero 2022, (ANDINA).- La ministra de Trabajo y Promoci\u00f3n del Empleo, Betssy Ch\u00e1vez, sostuvo hoy que nuestro pa\u00eds necesita estabilidad pol\u00edtica. \u201cNecesitamos justamente que los pol\u00edticos, que tenemos el encargo de llevar los destinos del pa\u00eds, puedan [&hellip;]<\/p>\n","protected":false},"author":1,"featured_media":112011,"comment_status":"closed","ping_status":"closed","sticky":false,"template":"","format":"standard","meta":{"rop_custom_images_group":[],"rop_custom_messages_group":[],"rop_publish_now":"initial","rop_publish_now_accounts":[],"rop_publish_now_history":[],"rop_publish_now_status":"pending","footnotes":""},"categories":[5],"tags":[6481,320,1850],"class_list":["post-112010","post","type-post","status-publish","format-standard","has-post-thumbnail","hentry","category-actualidad-informativa","tag-betssy-chavez","tag-ministerio-de-trabajo","tag-mtpe"],"_links":{"self":[{"href":"https:\/\/elinformanteperu.com\/index.php\/wp-json\/wp\/v2\/posts\/112010","targetHints":{"allow":["GET"]}}],"collection":[{"href":"https:\/\/elinformanteperu.com\/index.php\/wp-json\/wp\/v2\/posts"}],"about":[{"href":"https:\/\/elinformanteperu.com\/index.php\/wp-json\/wp\/v2\/types\/post"}],"author":[{"embeddable":true,"href":"https:\/\/elinformanteperu.com\/index.php\/wp-json\/wp\/v2\/users\/1"}],"replies":[{"embeddable":true,"href":"https:\/\/elinformanteperu.com\/index.php\/wp-json\/wp\/v2\/comments?post=112010"}],"version-history":[{"count":1,"href":"https:\/\/elinformanteperu.com\/index.php\/wp-json\/wp\/v2\/posts\/112010\/revisions"}],"predecessor-version":[{"id":112012,"href":"https:\/\/elinformanteperu.com\/index.php\/wp-json\/wp\/v2\/posts\/112010\/revisions\/112012"}],"wp:featuredmedia":[{"embeddable":true,"href":"https:\/\/elinformanteperu.com\/index.php\/wp-json\/wp\/v2\/media\/112011"}],"wp:attachment":[{"href":"https:\/\/elinformanteperu.com\/index.php\/wp-json\/wp\/v2\/media?parent=112010"}],"wp:term":[{"taxonomy":"category","embeddable":true,"href":"https:\/\/elinformanteperu.com\/index.php\/wp-json\/wp\/v2\/categories?post=112010"},{"taxonomy":"post_tag","embeddable":true,"href":"https:\/\/elinformanteperu.com\/index.php\/wp-json\/wp\/v2\/tags?post=112010"}],"curies":[{"name":"wp","href":"https:\/\/api.w.org\/{rel}","templated":true}]}}