{"id":112007,"date":"2022-02-14T22:16:28","date_gmt":"2022-02-15T03:16:28","guid":{"rendered":"https:\/\/elinformanteperu.com\/?p=112007"},"modified":"2022-02-14T22:16:28","modified_gmt":"2022-02-15T03:16:28","slug":"canciller-existe-preocupacion-internacional-por-situacion-conflictiva-en-peru","status":"publish","type":"post","link":"https:\/\/elinformanteperu.com\/index.php\/2022\/02\/14\/canciller-existe-preocupacion-internacional-por-situacion-conflictiva-en-peru\/","title":{"rendered":"Canciller: existe preocupaci\u00f3n internacional por situaci\u00f3n conflictiva en Per\u00fa"},"content":{"rendered":"<p><strong><span style=\"color: #000000;\">C\u00e9sar Landa particip\u00f3 en conferencia de prensa encabezada por An\u00edbal Torres<\/span><\/strong><\/p>\n<p><span style=\"color: #000000;\"><strong>Lima, 14 de Febrero 2022, (ANDINA).-<\/strong> El canciller C\u00e9sar Landa sostuvo hoy que existe preocupaci\u00f3n a nivel internacional por la situaci\u00f3n conflictiva que se vive en estos tiempos en el pa\u00eds.<\/span><\/p>\n<p><span style=\"color: #000000;\">En conferencia de prensa encabezada por el jefe del Gabinete Ministerial, An\u00edbal Torres, Landa record\u00f3 que el Gobierno que empez\u00f3 funciones el 28 de julio de 2021 ha sido leg\u00edtimamente reconocido por todos los pa\u00edses.<\/span><\/p>\n<p><span style=\"color: #000000;\">Incluso, dijo, en la etapa de conflictividad electoral misiones internacionales de observaci\u00f3n de la OEA y Uni\u00f3n Europea, y pa\u00edses como Estados Unidos, dieron r\u00e1pido reconocimiento a los resultados electorales.<\/span><\/p>\n<p><span style=\"color: #000000;\">Lea tambi\u00e9n: Reuni\u00f3n secreta tuvo por agenda estrategia para sacar al presidente, advierte An\u00edbal Torres<\/span><\/p>\n<p><span style=\"color: #000000;\">El acta de nacimiento leg\u00edtimo del Gobierno, explic\u00f3, se manifiesta tambi\u00e9n en la pol\u00edtica bilateral que se ha desplegado, por ejemplo, con los gabinetes binacionales sostenidos con Bolivia y Colombia, el reciente encuentro con el presidente de Brasil, Jair Bolsonaro, y la visita de altos funcionarios de organismos internacionales.<\/span><\/p>\n<p><span style=\"color: #000000;\">\u00abEsto pone de relevancia que el Per\u00fa es un pa\u00eds que tiene reconocimiento y hay un acompa\u00f1amiento a la labor gubernamental\u00bb, puntualiz\u00f3 el canciller.<\/span><\/p>\n<p><span style=\"color: #000000;\">Landa coincidi\u00f3 en el llamado de An\u00edbal Torres para restablecer la paz y el orden social, al remarcar que es la \u00fanica forma de garantizar una imagen externa de orden democr\u00e1tico y un orden interno para beneficio de la poblaci\u00f3n.<\/span><\/p>\n<p><span style=\"color: #000000;\">\u00abEl Gobierno est\u00e1 al servicio del pueblo y tambi\u00e9n la oposici\u00f3n, y en ese di\u00e1logo democr\u00e1tico no puede haber abuso del derecho\u00bb, manifest\u00f3.<\/span><\/p>\n","protected":false},"excerpt":{"rendered":"<p>C\u00e9sar Landa particip\u00f3 en conferencia de prensa encabezada por An\u00edbal Torres Lima, 14 de Febrero 2022, (ANDINA).- El canciller C\u00e9sar Landa sostuvo hoy que existe preocupaci\u00f3n a nivel internacional por la situaci\u00f3n conflictiva que se vive en estos tiempos en el pa\u00eds. En conferencia de prensa encabezada por el jefe del Gabinete Ministerial, An\u00edbal Torres, [&hellip;]<\/p>\n","protected":false},"author":1,"featured_media":112008,"comment_status":"closed","ping_status":"closed","sticky":false,"template":"","format":"standard","meta":{"rop_custom_images_group":[],"rop_custom_messages_group":[],"rop_publish_now":"initial","rop_publish_now_accounts":[],"rop_publish_now_history":[],"rop_publish_now_status":"pending","footnotes":""},"categories":[5],"tags":[294,4949],"class_list":["post-112007","post","type-post","status-publish","format-standard","has-post-thumbnail","hentry","category-actualidad-informativa","tag-cancilleria","tag-cesar-landa"],"_links":{"self":[{"href":"https:\/\/elinformanteperu.com\/index.php\/wp-json\/wp\/v2\/posts\/112007","targetHints":{"allow":["GET"]}}],"collection":[{"href":"https:\/\/elinformanteperu.com\/index.php\/wp-json\/wp\/v2\/posts"}],"about":[{"href":"https:\/\/elinformanteperu.com\/index.php\/wp-json\/wp\/v2\/types\/post"}],"author":[{"embeddable":true,"href":"https:\/\/elinformanteperu.com\/index.php\/wp-json\/wp\/v2\/users\/1"}],"replies":[{"embeddable":true,"href":"https:\/\/elinformanteperu.com\/index.php\/wp-json\/wp\/v2\/comments?post=112007"}],"version-history":[{"count":1,"href":"https:\/\/elinformanteperu.com\/index.php\/wp-json\/wp\/v2\/posts\/112007\/revisions"}],"predecessor-version":[{"id":112009,"href":"https:\/\/elinformanteperu.com\/index.php\/wp-json\/wp\/v2\/posts\/112007\/revisions\/112009"}],"wp:featuredmedia":[{"embeddable":true,"href":"https:\/\/elinformanteperu.com\/index.php\/wp-json\/wp\/v2\/media\/112008"}],"wp:attachment":[{"href":"https:\/\/elinformanteperu.com\/index.php\/wp-json\/wp\/v2\/media?parent=112007"}],"wp:term":[{"taxonomy":"category","embeddable":true,"href":"https:\/\/elinformanteperu.com\/index.php\/wp-json\/wp\/v2\/categories?post=112007"},{"taxonomy":"post_tag","embeddable":true,"href":"https:\/\/elinformanteperu.com\/index.php\/wp-json\/wp\/v2\/tags?post=112007"}],"curies":[{"name":"wp","href":"https:\/\/api.w.org\/{rel}","templated":true}]}}