{"id":111980,"date":"2022-02-14T20:59:09","date_gmt":"2022-02-15T01:59:09","guid":{"rendered":"https:\/\/elinformanteperu.com\/?p=111980"},"modified":"2022-02-14T20:59:09","modified_gmt":"2022-02-15T01:59:09","slug":"buena-noticia-madre-de-dios-restablecio-transito-libre-en-frontera-con-brasil","status":"publish","type":"post","link":"https:\/\/elinformanteperu.com\/index.php\/2022\/02\/14\/buena-noticia-madre-de-dios-restablecio-transito-libre-en-frontera-con-brasil\/","title":{"rendered":"\u00a1Buena noticia! Madre de Dios restableci\u00f3 tr\u00e1nsito libre en frontera con Brasil"},"content":{"rendered":"<p><strong><span style=\"color: #000000;\">Todo aquel que quiera ingresar a territorio nacional deber\u00e1 presentar carn\u00e9 de vacunaci\u00f3n<\/span><\/strong><\/p>\n<p><span style=\"color: #000000;\"><strong>Puerto Maldonado, 14 de Febrero 2022, (ANDINA).-<\/strong> Con el masivo respaldo y la presencia de las autoridades, empresarios, emprendedores y la expectativa de la poblaci\u00f3n en general, el gobernador regional de Madre de Dios, Luis Hidalgo Okimura, particip\u00f3 en una breve ceremonia de la reapertura terrestre de la frontera del Per\u00fa con Brasil.<\/span><\/p>\n<p><span style=\"color: #000000;\">Las autoridades acudieron hasta el puente Integraci\u00f3n, en I\u00f1apari, donde saludaron a sus pares de Brasil, con quienes reafirmaron una vez m\u00e1s los lazos de cordialidad, amistad e intercambio econ\u00f3mico que siempre existi\u00f3 entre los pueblos de I\u00f1apari (Per\u00fa) y Asis (Brasil).<\/span><\/p>\n<p><span style=\"color: #000000;\">Hidalgo Okimura salud\u00f3 la determinaci\u00f3n del gobierno nacional de restablecer el transporte internacional de pasajeros por v\u00eda terrestre, de acuerdo al DS-015-2022-PCM, que deroga el art\u00edculo 15 del DS-184-2020-PCM, que establec\u00eda el cierre de fronteras terrestres en cuanto al transporte internacional de pasajeros.<\/span><\/p>\n<p><span style=\"color: #000000;\">De igual forma, refiri\u00f3 que la frontera permaneci\u00f3 cerrada por dos a\u00f1os debido a la covid-19; sin embargo reconoci\u00f3 que la medida fue acertada debido a las consecuencias fatales que dej\u00f3 la pandemia y sigue dejando aunque en menor proporci\u00f3n.<\/span><\/p>\n<p><span style=\"color: #000000;\">En tal sentido, Hidalgo Okimura subray\u00f3 que reabrir la frontera significa reactivar la econom\u00eda, el turismo, el transporte y el comercio que beneficia a los ciudadanos de ambos lados de la frontera.<\/span><\/p>\n<p><span style=\"color: #000000;\">\u00abEs un gran acontecimiento para nuestra regi\u00f3n, sobre todo, para el sector turismo porque ahora podr\u00e1n arribar muchos ciudadanos brasile\u00f1os que no solo quieren visitar Madre de Dios sino tambi\u00e9n Cusco, Puno, adem\u00e1s de Lima e incluso Piura porque muchos preguntan por las playas de Col\u00e1n\u00bb, expres\u00f3 en declaraciones a la Agencia Andina.<\/span><\/p>\n<p><span style=\"color: #000000;\">Agreg\u00f3 que el paso de frontera tambi\u00e9n permitir\u00e1 que tanto peruanos como brasile\u00f1os puedan ir a trabajar a empresas de ambos lados como se hac\u00eda antes de la pandemia, adem\u00e1s de la circulaci\u00f3n del comercio diario de productos como cebolla o ajos.<\/span><\/p>\n<p><span style=\"color: #000000;\">Hidalgo Okimura record\u00f3 que las personas que quieran ingresar al territorio nacional deben mostrar su carnet de vacunaci\u00f3n que demuestre haber completado el esquema de vacunaci\u00f3n, seg\u00fan sea el grupo etario al que pertenecen, contra la covid-19.<\/span><\/p>\n<p><span style=\"color: #000000;\">En todo caso, se pueden realizar una prueba molecular, manifest\u00f3 tras indicar que hay una brigada para hacer los controles sanitarios correspondientes.<\/span><\/p>\n<p><span style=\"color: #000000;\">Entre las autoridades asistentes estuvieron el alcalde de la provincia de Tahuamanu, Abraham Cardozo; el director regional de Salud Ricardo Tello; representantes del Ej\u00e9rcito, PNP, entre otros.<\/span><\/p>\n<p><span style=\"color: #000000;\">Del lado brasilero participaron el prefecto (alcalde) de Assis Jerry Correia; y el viceprefecto Reginaldo Bezerra.<\/span><\/p>\n","protected":false},"excerpt":{"rendered":"<p>Todo aquel que quiera ingresar a territorio nacional deber\u00e1 presentar carn\u00e9 de vacunaci\u00f3n Puerto Maldonado, 14 de Febrero 2022, (ANDINA).- Con el masivo respaldo y la presencia de las autoridades, empresarios, emprendedores y la expectativa de la poblaci\u00f3n en general, el gobernador regional de Madre de Dios, Luis Hidalgo Okimura, particip\u00f3 en una breve ceremonia [&hellip;]<\/p>\n","protected":false},"author":1,"featured_media":111981,"comment_status":"closed","ping_status":"closed","sticky":false,"template":"","format":"standard","meta":{"rop_custom_images_group":[],"rop_custom_messages_group":[],"rop_publish_now":"initial","rop_publish_now_accounts":[],"rop_publish_now_history":[],"rop_publish_now_status":"pending","footnotes":""},"categories":[10],"tags":[4156],"class_list":["post-111980","post","type-post","status-publish","format-standard","has-post-thumbnail","hentry","category-actualidad-municipal","tag-puerto-maldonado"],"_links":{"self":[{"href":"https:\/\/elinformanteperu.com\/index.php\/wp-json\/wp\/v2\/posts\/111980","targetHints":{"allow":["GET"]}}],"collection":[{"href":"https:\/\/elinformanteperu.com\/index.php\/wp-json\/wp\/v2\/posts"}],"about":[{"href":"https:\/\/elinformanteperu.com\/index.php\/wp-json\/wp\/v2\/types\/post"}],"author":[{"embeddable":true,"href":"https:\/\/elinformanteperu.com\/index.php\/wp-json\/wp\/v2\/users\/1"}],"replies":[{"embeddable":true,"href":"https:\/\/elinformanteperu.com\/index.php\/wp-json\/wp\/v2\/comments?post=111980"}],"version-history":[{"count":1,"href":"https:\/\/elinformanteperu.com\/index.php\/wp-json\/wp\/v2\/posts\/111980\/revisions"}],"predecessor-version":[{"id":111982,"href":"https:\/\/elinformanteperu.com\/index.php\/wp-json\/wp\/v2\/posts\/111980\/revisions\/111982"}],"wp:featuredmedia":[{"embeddable":true,"href":"https:\/\/elinformanteperu.com\/index.php\/wp-json\/wp\/v2\/media\/111981"}],"wp:attachment":[{"href":"https:\/\/elinformanteperu.com\/index.php\/wp-json\/wp\/v2\/media?parent=111980"}],"wp:term":[{"taxonomy":"category","embeddable":true,"href":"https:\/\/elinformanteperu.com\/index.php\/wp-json\/wp\/v2\/categories?post=111980"},{"taxonomy":"post_tag","embeddable":true,"href":"https:\/\/elinformanteperu.com\/index.php\/wp-json\/wp\/v2\/tags?post=111980"}],"curies":[{"name":"wp","href":"https:\/\/api.w.org\/{rel}","templated":true}]}}