{"id":11196,"date":"2017-06-04T02:00:26","date_gmt":"2017-06-04T07:00:26","guid":{"rendered":"http:\/\/elinformanteperu.com\/?p=11196"},"modified":"2017-06-04T02:00:26","modified_gmt":"2017-06-04T07:00:26","slug":"peru-pide-explicaciones-por-muro-que-ecuador-construye-en-la-frontera","status":"publish","type":"post","link":"https:\/\/elinformanteperu.com\/index.php\/2017\/06\/04\/peru-pide-explicaciones-por-muro-que-ecuador-construye-en-la-frontera\/","title":{"rendered":"Per\u00fa pide explicaciones por muro que Ecuador construye en la frontera"},"content":{"rendered":"<p><strong><span style=\"color: #000000;\">Per\u00fa solicit\u00f3 explicaciones por un muro que Ecuador construye en la frontera com\u00fan, sobre un espacio que seg\u00fan Lima debi\u00f3 quedar libre por acuerdo bilateral.<\/span><\/strong><\/p>\n<p><span style=\"color: #000000;\"><strong>Lima, 03 Junio 2017, (ANDINA).-<\/strong> Per\u00fa solicit\u00f3 explicaciones por un muro que Ecuador construye en la frontera com\u00fan, sobre un espacio que seg\u00fan Lima debi\u00f3 quedar libre por acuerdo bilateral, aunque Quito aclar\u00f3 que cumple con todos los convenios establecidos y no impide el paso de personas.<\/span><\/p>\n<p><span style=\"color: #000000;\">Seg\u00fan explic\u00f3 una fuente de la diplomacia peruana a la AFP, el muro tendr\u00eda una extensi\u00f3n inicial de 2.000 metros aunque Ecuador precis\u00f3 que ser\u00e1n 800 metros en total. Se extiende sobre el lado ecuatoriano en la localidad de Huaquillas, colindante con la peruana Aguas Verdes.<\/span><\/p>\n<p><span style=\"color: #000000;\">Hasta hace poco, ambas ciudades estaban separadas solamente por un canal del r\u00edo Zarumilla. Ambos pa\u00edses comparten un total de 1.500 km de frontera.<\/span><\/p>\n<p><span style=\"color: #000000;\">Ecuador construye el muro sobre la orilla del canal que est\u00e1 en su territorio, en un hecho que se suma a la pol\u00e9mica por la edificaci\u00f3n de muros entre pa\u00edses vecinos, como planea el presidente Donald Trump en la frontera con M\u00e9xico.<\/span><\/p>\n<p><span style=\"color: #000000;\">Seg\u00fan la fuente diplom\u00e1tica, en 1998, tras el conflicto b\u00e9lico que Per\u00fa y Ecuador sostuvieron tres a\u00f1os antes, se firm\u00f3 un tratado de paz en el que, entre otros puntos, ambas partes se comprometieron a dejar libres de construcciones 10 metros a cada lado del canal, para labores de limpieza.<\/span><\/p>\n<p><span style=\"color: #000000;\">El muro ecuatoriano estar\u00eda montado sobre territorio que deb\u00eda quedar libre, seg\u00fan Lima. Por ello, la canciller\u00eda peruana solicit\u00f3 informaci\u00f3n a su par ecuatoriana. La obra fue iniciada a pocos d\u00edas de terminar la gesti\u00f3n del presidente Rafael Correa.<\/span><\/p>\n<p><span style=\"color: #000000;\">El tema queda en manos de su sucesor, Len\u00edn Moreno, quien hace poco visit\u00f3 Per\u00fa como gobernante electo y se reuni\u00f3 con el presidente Pedro Pablo Kuczynski. En esa ocasi\u00f3n ambos se comprometieron a continuar con el buen clima de relaci\u00f3n bilateral. El mandatario peruano asisti\u00f3 luego a la toma de mando de Moreno.<\/span><\/p>\n<p><strong><span style=\"color: #000000;\">Cumplen con acuerdos<\/span><\/strong><\/p>\n<p><span style=\"color: #000000;\">De su lado, Ecuador asegur\u00f3 que lo que se construye es un parque lineal que cumple con todos los acuerdos firmados y no restringe el paso de personas sino que busca mejorar el ornato y, adem\u00e1s, luchar contra el contrabando, que es abundante en la zona.<\/span><\/p>\n<p><span style=\"color: #000000;\">\u00abEl proyecto nace en 1998 con la firma de la paz. El lado peruano puso como condici\u00f3n para la firma de la paz que Ecuador se retire 10 metros desde el filo del canal internacional hacia adentro del territorio ecuatoriano\u00bb, explic\u00f3 a la AFP, Marco Zumba, funcionario del Ministerio de Vivienda de Ecuador a cargo del proyecto.<\/span><\/p>\n<p><span style=\"color: #000000;\">\u00abAhora lo que se trata es regularizar el comercio internacional y cumplir con este compromiso que tiene el Estado ecuatoriano\u00bb, precis\u00f3.<\/span><\/p>\n<p><span style=\"color: #000000;\">Zumba, director de la Oficina T\u00e9cnica del Ministerio de Desarrollo Urbano y Vivienda de la provincia del Oro, que tiene a Huaquillas en su jurisdicci\u00f3n, explic\u00f3 que en el sector la poblaci\u00f3n hab\u00eda realizado construcciones tugurizadas e informales, al filo del canal.<\/span><\/p>\n<p><span style=\"color: #000000;\">Se contempla un paso peatonal en la zona de Playita Sur para permitir el cruce de peruanos y ecuatorianos, a realizar comercio.<\/span><\/p>\n<p><span style=\"color: #000000;\">\u00abHay un mercado de abarrotes en Playita Sur para reubicar a las personas que estaban alrededor de los 10 metros y sobre el canal, que son alrededor de 140 personas o comerciantes que van a ser reubicados\u00bb, detall\u00f3.<\/span><\/p>\n<p><span style=\"color: #000000;\">Se trata de un proyecto que adem\u00e1s evitar\u00e1 las inundaciones del canal en invierno. La obra tiene un costo de 4,49 millones de d\u00f3lares, a entregar el 25 de septiembre.<\/span><\/p>\n<p><span style=\"color: #000000;\">Zumba detall\u00f3 que, desde el puente internacional, aguas arriba, hay alrededor de unos 800 metros de muro que se est\u00e1 construyendo. Este medir\u00e1 unos 3 metros de alto.<\/span><\/p>\n<p><span style=\"color: #000000;\">\u00abPero ese muro no es para evitar que pasen las personas, es simplemente para subir el nivel y darle un tratamiento de piso a esta plaza que va a quedar en el parque lineal\u00bb, precis\u00f3.<\/span><\/p>\n<p><span style=\"color: #000000;\">En ese territorio ha abundado por d\u00e9cadas el comercio informal, con colocaci\u00f3n de puentes provisionales para el paso del transporte sobre el canal, de uno y otro lado. El muro no fue muy bien recibido por algunos comerciantes.<\/span><\/p>\n<p><span style=\"color: #000000;\">\u00abUn muro de cuatro metros de altura nos separa e impide intercambiar los productos con la facilidad que hab\u00eda antes, todos los comerciantes que trabajaban en los puentes quedaron en la desocupaci\u00f3n\u00bb, dijo al diario El Universo de Ecuador el dirigente de la Asociaci\u00f3n Pac\u00edfico Sur, de Huaquillas, Abel Jim\u00e9nez.<\/span><\/p>\n","protected":false},"excerpt":{"rendered":"<p>Per\u00fa solicit\u00f3 explicaciones por un muro que Ecuador construye en la frontera com\u00fan, sobre un espacio que seg\u00fan Lima debi\u00f3 quedar libre por acuerdo bilateral. Lima, 03 Junio 2017, (ANDINA).- Per\u00fa solicit\u00f3 explicaciones por un muro que Ecuador construye en la frontera com\u00fan, sobre un espacio que seg\u00fan Lima debi\u00f3 quedar libre por acuerdo bilateral, [&hellip;]<\/p>\n","protected":false},"author":1,"featured_media":11197,"comment_status":"open","ping_status":"open","sticky":false,"template":"","format":"standard","meta":{"rop_custom_images_group":[],"rop_custom_messages_group":[],"rop_publish_now":"initial","rop_publish_now_accounts":[],"rop_publish_now_history":[],"rop_publish_now_status":"pending","footnotes":""},"categories":[5],"tags":[74,1421,73],"class_list":["post-11196","post","type-post","status-publish","format-standard","has-post-thumbnail","hentry","category-actualidad-informativa","tag-pedro-pablo-kuczynski","tag-poder-ejecutivo","tag-ppk"],"_links":{"self":[{"href":"https:\/\/elinformanteperu.com\/index.php\/wp-json\/wp\/v2\/posts\/11196","targetHints":{"allow":["GET"]}}],"collection":[{"href":"https:\/\/elinformanteperu.com\/index.php\/wp-json\/wp\/v2\/posts"}],"about":[{"href":"https:\/\/elinformanteperu.com\/index.php\/wp-json\/wp\/v2\/types\/post"}],"author":[{"embeddable":true,"href":"https:\/\/elinformanteperu.com\/index.php\/wp-json\/wp\/v2\/users\/1"}],"replies":[{"embeddable":true,"href":"https:\/\/elinformanteperu.com\/index.php\/wp-json\/wp\/v2\/comments?post=11196"}],"version-history":[{"count":1,"href":"https:\/\/elinformanteperu.com\/index.php\/wp-json\/wp\/v2\/posts\/11196\/revisions"}],"predecessor-version":[{"id":11198,"href":"https:\/\/elinformanteperu.com\/index.php\/wp-json\/wp\/v2\/posts\/11196\/revisions\/11198"}],"wp:featuredmedia":[{"embeddable":true,"href":"https:\/\/elinformanteperu.com\/index.php\/wp-json\/wp\/v2\/media\/11197"}],"wp:attachment":[{"href":"https:\/\/elinformanteperu.com\/index.php\/wp-json\/wp\/v2\/media?parent=11196"}],"wp:term":[{"taxonomy":"category","embeddable":true,"href":"https:\/\/elinformanteperu.com\/index.php\/wp-json\/wp\/v2\/categories?post=11196"},{"taxonomy":"post_tag","embeddable":true,"href":"https:\/\/elinformanteperu.com\/index.php\/wp-json\/wp\/v2\/tags?post=11196"}],"curies":[{"name":"wp","href":"https:\/\/api.w.org\/{rel}","templated":true}]}}