{"id":11194,"date":"2017-06-04T01:55:29","date_gmt":"2017-06-04T06:55:29","guid":{"rendered":"http:\/\/elinformanteperu.com\/?p=11194"},"modified":"2017-06-04T01:55:29","modified_gmt":"2017-06-04T06:55:29","slug":"basombrio-acudira-a-interpelacion-del-congreso-con-entusiasmo-y-alegria","status":"publish","type":"post","link":"https:\/\/elinformanteperu.com\/index.php\/2017\/06\/04\/basombrio-acudira-a-interpelacion-del-congreso-con-entusiasmo-y-alegria\/","title":{"rendered":"Basombr\u00edo acudir\u00e1 a interpelaci\u00f3n del Congreso \u201ccon entusiasmo y alegr\u00eda\u201d"},"content":{"rendered":"<p><strong><span style=\"color: #000000;\">El ministro del Interior, Carlos Basombr\u00edo, asegur\u00f3 que acudir\u00e1 con entusiasmo y alegr\u00eda al Congreso, en el marco de la interpelaci\u00f3n que un sector de la oposici\u00f3n promueve en su contra.<\/span><\/strong><\/p>\n<p><span style=\"color: #000000;\"><strong>Lima, 03 Junio 2017, (ANDINA).-<\/strong> El ministro del Interior, Carlos Basombr\u00edo, asegur\u00f3 que acudir\u00e1 con entusiasmo y alegr\u00eda al Congreso, en el marco de la interpelaci\u00f3n que un sector de la oposici\u00f3n promueve en su contra, y agreg\u00f3 que informar\u00e1 sobre los logros y dificultades de su gesti\u00f3n.<\/span><\/p>\n<p><span style=\"color: #000000;\">\u00abMe entusiasma, porque es una oportunidad para dialogar con la representaci\u00f3n nacional que no tenemos todos los d\u00edas con todos los congresistas, y a trav\u00e9s de ellos con la colectividad\u00bb, declar\u00f3 durante la inauguraci\u00f3n del Centro Emergencia Mujer en la comisar\u00eda de Santiago de Surco.<\/span><\/p>\n<p><span style=\"color: #000000;\">La moci\u00f3n de interpelaci\u00f3n al ministro Basombr\u00edo, promovida en el Congreso de la Rep\u00fablica por la bancada de Fuerza Popular, tiene por fin que este explique temas relativos a la inseguridad ciudadana, al narcotr\u00e1fico y a la marcha del Movimiento por Amnist\u00eda y Derechos Fundamentales (Movadef).<\/span><\/p>\n<p><span style=\"color: #000000;\">Basombr\u00edo ser\u00eda interpelado el pr\u00f3ximo 15 de junio, seg\u00fan anticip\u00f3 hace unos d\u00edas el vocero de la bancada de Fuerza Popular (FP), Luis Galarreta.<\/span><\/p>\n<p><span style=\"color: #000000;\">Para Basombr\u00edo, la rendici\u00f3n de cuentas frente al Congreso de la Rep\u00fablica es un tema fundamental en la transparencia y el conocimiento de la verdad sobre su presente gesti\u00f3n.<\/span><\/p>\n<p><span style=\"color: #000000;\">Sin embargo, el titular del Interior evit\u00f3 pronunciarse respecto a la seguidilla de interpelaciones que la oposici\u00f3n impulsa contra diversos ministros de Estado desde que empez\u00f3 el gobierno de Pedro Pablo Kuczynski.<\/span><\/p>\n","protected":false},"excerpt":{"rendered":"<p>El ministro del Interior, Carlos Basombr\u00edo, asegur\u00f3 que acudir\u00e1 con entusiasmo y alegr\u00eda al Congreso, en el marco de la interpelaci\u00f3n que un sector de la oposici\u00f3n promueve en su contra. Lima, 03 Junio 2017, (ANDINA).- El ministro del Interior, Carlos Basombr\u00edo, asegur\u00f3 que acudir\u00e1 con entusiasmo y alegr\u00eda al Congreso, en el marco de [&hellip;]<\/p>\n","protected":false},"author":1,"featured_media":9727,"comment_status":"open","ping_status":"open","sticky":false,"template":"","format":"standard","meta":{"rop_custom_images_group":[],"rop_custom_messages_group":[],"rop_publish_now":"initial","rop_publish_now_accounts":[],"rop_publish_now_history":[],"rop_publish_now_status":"pending","footnotes":""},"categories":[5],"tags":[212,192,280,1501],"class_list":["post-11194","post","type-post","status-publish","format-standard","has-post-thumbnail","hentry","category-actualidad-informativa","tag-carlos-basombrio","tag-congreso","tag-ministerio-del-interior","tag-movadef"],"_links":{"self":[{"href":"https:\/\/elinformanteperu.com\/index.php\/wp-json\/wp\/v2\/posts\/11194","targetHints":{"allow":["GET"]}}],"collection":[{"href":"https:\/\/elinformanteperu.com\/index.php\/wp-json\/wp\/v2\/posts"}],"about":[{"href":"https:\/\/elinformanteperu.com\/index.php\/wp-json\/wp\/v2\/types\/post"}],"author":[{"embeddable":true,"href":"https:\/\/elinformanteperu.com\/index.php\/wp-json\/wp\/v2\/users\/1"}],"replies":[{"embeddable":true,"href":"https:\/\/elinformanteperu.com\/index.php\/wp-json\/wp\/v2\/comments?post=11194"}],"version-history":[{"count":1,"href":"https:\/\/elinformanteperu.com\/index.php\/wp-json\/wp\/v2\/posts\/11194\/revisions"}],"predecessor-version":[{"id":11195,"href":"https:\/\/elinformanteperu.com\/index.php\/wp-json\/wp\/v2\/posts\/11194\/revisions\/11195"}],"wp:featuredmedia":[{"embeddable":true,"href":"https:\/\/elinformanteperu.com\/index.php\/wp-json\/wp\/v2\/media\/9727"}],"wp:attachment":[{"href":"https:\/\/elinformanteperu.com\/index.php\/wp-json\/wp\/v2\/media?parent=11194"}],"wp:term":[{"taxonomy":"category","embeddable":true,"href":"https:\/\/elinformanteperu.com\/index.php\/wp-json\/wp\/v2\/categories?post=11194"},{"taxonomy":"post_tag","embeddable":true,"href":"https:\/\/elinformanteperu.com\/index.php\/wp-json\/wp\/v2\/tags?post=11194"}],"curies":[{"name":"wp","href":"https:\/\/api.w.org\/{rel}","templated":true}]}}