{"id":11191,"date":"2017-06-04T01:52:48","date_gmt":"2017-06-04T06:52:48","guid":{"rendered":"http:\/\/elinformanteperu.com\/?p=11191"},"modified":"2017-06-04T01:52:48","modified_gmt":"2017-06-04T06:52:48","slug":"playa-marbella-kuczynski-asegura-que-nieto-dara-toda-la-informacion-al-congreso","status":"publish","type":"post","link":"https:\/\/elinformanteperu.com\/index.php\/2017\/06\/04\/playa-marbella-kuczynski-asegura-que-nieto-dara-toda-la-informacion-al-congreso\/","title":{"rendered":"Playa Marbella: Kuczynski asegura que Nieto dar\u00e1 toda la informaci\u00f3n al Congreso"},"content":{"rendered":"<p><strong><span style=\"color: #000000;\">El Jefe del Estado, Pedro Pablo Kuczynski, asegur\u00f3 que el ministro Jorge Nieto, recaba toda la informaci\u00f3n sobre\u00a0la muerte por ahogamiento de cuatro militares en Marbella.<\/span><\/strong><\/p>\n<p><span style=\"color: #000000;\"><strong>Lima, 03 Junio 2017, (ANDINA).-<\/strong> El Jefe del Estado, Pedro Pablo Kuczynski, asegur\u00f3 que el ministro de Defensa, Jorge Nieto, recaba toda la informaci\u00f3n para explicar ante el Congreso la muerte por ahogamiento de cuatro militares en la playa Marbella, en Magdalena del Mar.<\/span><\/p>\n<p><span style=\"color: #000000;\">\u201cEstoy seguro de que lo har\u00e1, una vez que tenga toda la informaci\u00f3n\u201d, manifest\u00f3 el Presidente, durante una visita al Centro de Emergencia Mujer (CEM) en la comisar\u00eda del distrito lime\u00f1o de Santiago de Surco.<\/span><\/p>\n<p><span style=\"color: #000000;\">Acompa\u00f1ado por los ministros del Interior, Carlos Basombr\u00edo, y de la Mujer, Ana Mar\u00eda Romero-Lozada, asegur\u00f3 que es necesario determinar las responsabilidades de lo ocurrido en el mar de Magdalena del Mar, \u201cpara despu\u00e9s tomar las acciones necesarias\u201d.<\/span><\/p>\n<p><span style=\"color: #000000;\">\u201c(El ministro Nieto) todav\u00eda no (me ha informado). Est\u00e1 en un proceso (de investigaci\u00f3n) y me explicar\u00e1 en las pr\u00f3ximas horas qu\u00e9 est\u00e1 pasando\u201d, a\u00f1adi\u00f3 el Mandatario.<\/span><\/p>\n<p><span style=\"color: #000000;\">Por otro lado, Kuczynski asegur\u00f3 que el ministro del Interior acudir\u00e1 \u201ccon entusiasmo\u201d a la eventual interpelaci\u00f3n, promovida desde un sector de la oposici\u00f3n parlamentaria, para explicar temas relativos a su sector.<\/span><\/p>\n<p><span style=\"color: #000000;\">Ello, tras ser consultado por el anuncio de Luis Galarreta, vocero de Fuerza Popular, quien hab\u00eda adelantado que luego de la semana de representaci\u00f3n parlamentaria se presentar\u00eda la moci\u00f3n para convocar al titular del Interior.<\/span><\/p>\n<p><span style=\"color: #000000;\">\u201cEl Congreso tiene total derecho de pedir explicaciones a todos sus ministros y funcionarios, y \u00e9l (Basombr\u00edo) con todo entusiasmo ir\u00e1 a contestar las preguntas\u201d, refiri\u00f3 Kuczynski.<\/span><\/p>\n<p><span style=\"color: #000000;\">En la interpelaci\u00f3n el ministro Basombr\u00edo debe responder respecto a los \u00edndices de inseguridad ciudadana y sobre la marcha de los seguidores del Movimiento por la Amnist\u00eda y Derechos Fundamentales (Movadef) por las calles de Lima.<\/span><\/p>\n","protected":false},"excerpt":{"rendered":"<p>El Jefe del Estado, Pedro Pablo Kuczynski, asegur\u00f3 que el ministro Jorge Nieto, recaba toda la informaci\u00f3n sobre\u00a0la muerte por ahogamiento de cuatro militares en Marbella. Lima, 03 Junio 2017, (ANDINA).- El Jefe del Estado, Pedro Pablo Kuczynski, asegur\u00f3 que el ministro de Defensa, Jorge Nieto, recaba toda la informaci\u00f3n para explicar ante el Congreso [&hellip;]<\/p>\n","protected":false},"author":1,"featured_media":11192,"comment_status":"open","ping_status":"open","sticky":false,"template":"","format":"standard","meta":{"rop_custom_images_group":[],"rop_custom_messages_group":[],"rop_publish_now":"initial","rop_publish_now_accounts":[],"rop_publish_now_history":[],"rop_publish_now_status":"pending","footnotes":""},"categories":[5],"tags":[472,375,74],"class_list":["post-11191","post","type-post","status-publish","format-standard","has-post-thumbnail","hentry","category-actualidad-informativa","tag-jorge-nieto","tag-ministerio-de-defensa","tag-pedro-pablo-kuczynski"],"_links":{"self":[{"href":"https:\/\/elinformanteperu.com\/index.php\/wp-json\/wp\/v2\/posts\/11191","targetHints":{"allow":["GET"]}}],"collection":[{"href":"https:\/\/elinformanteperu.com\/index.php\/wp-json\/wp\/v2\/posts"}],"about":[{"href":"https:\/\/elinformanteperu.com\/index.php\/wp-json\/wp\/v2\/types\/post"}],"author":[{"embeddable":true,"href":"https:\/\/elinformanteperu.com\/index.php\/wp-json\/wp\/v2\/users\/1"}],"replies":[{"embeddable":true,"href":"https:\/\/elinformanteperu.com\/index.php\/wp-json\/wp\/v2\/comments?post=11191"}],"version-history":[{"count":1,"href":"https:\/\/elinformanteperu.com\/index.php\/wp-json\/wp\/v2\/posts\/11191\/revisions"}],"predecessor-version":[{"id":11193,"href":"https:\/\/elinformanteperu.com\/index.php\/wp-json\/wp\/v2\/posts\/11191\/revisions\/11193"}],"wp:featuredmedia":[{"embeddable":true,"href":"https:\/\/elinformanteperu.com\/index.php\/wp-json\/wp\/v2\/media\/11192"}],"wp:attachment":[{"href":"https:\/\/elinformanteperu.com\/index.php\/wp-json\/wp\/v2\/media?parent=11191"}],"wp:term":[{"taxonomy":"category","embeddable":true,"href":"https:\/\/elinformanteperu.com\/index.php\/wp-json\/wp\/v2\/categories?post=11191"},{"taxonomy":"post_tag","embeddable":true,"href":"https:\/\/elinformanteperu.com\/index.php\/wp-json\/wp\/v2\/tags?post=11191"}],"curies":[{"name":"wp","href":"https:\/\/api.w.org\/{rel}","templated":true}]}}