{"id":111847,"date":"2022-02-10T21:55:19","date_gmt":"2022-02-11T02:55:19","guid":{"rendered":"https:\/\/elinformanteperu.com\/?p=111847"},"modified":"2022-02-10T21:55:19","modified_gmt":"2022-02-11T02:55:19","slug":"alcalde-de-ate-apoya-proyecto-que-prohibe-que-dos-personas-viajen-en-una-moto","status":"publish","type":"post","link":"https:\/\/elinformanteperu.com\/index.php\/2022\/02\/10\/alcalde-de-ate-apoya-proyecto-que-prohibe-que-dos-personas-viajen-en-una-moto\/","title":{"rendered":"Alcalde de Ate apoya proyecto que proh\u00edbe que dos personas viajen en una moto"},"content":{"rendered":"<p><strong><span style=\"color: #000000;\">Burgomaestre anuncia la creaci\u00f3n de la Direcci\u00f3n Nacional de Patrullaje Integrado<\/span><\/strong><\/p>\n<p><span style=\"color: #000000;\"><strong>Lima, 10 de Febrero 2022, (ANDINA).-<\/strong> Alcalde de Ate, Edde Cuellar, anunci\u00f3 la creaci\u00f3n de la Direcci\u00f3n Nacional de Patrullaje Integrado para realizar un trabajo articulado en coordinaci\u00f3n con el Gobierno Central, Gobierno Local y Juntas Vecinales, con el fin de luchar contra la inseguridad ciudadana.<\/span><\/p>\n<p><span style=\"color: #000000;\">As\u00ed mismo, el burgomaestre manifest\u00f3 que apoya el proyecto que presentara el presidente del Consejo de Ministros, An\u00edbal Torres, al Congreso de la Rep\u00fablica sobre la \u201cley que proh\u00edbe que dos personas vayan a bordo en una moto lineal\u201d ante los constantes robos en toda la ciudad.<\/span><\/p>\n<p><span style=\"color: #000000;\">Tales hechos pueden ocasionar da\u00f1os irreparables, menciona la Municipalidad de Ate en un comunicado de prensa, y se espera que con la aprobaci\u00f3n de este proyecto se pueda tener un mejor control de las motos y poder interconectar las c\u00e1maras de seguridad ciudadana del distrito para poder tener una mejor identificaci\u00f3n de placas, licencia de conducir y quien es el ciudadano que maneja.<\/span><\/p>\n<p><span style=\"color: #000000;\">Es por ello, que el alcalde Edde Cuellar propone la creaci\u00f3n de la Direcci\u00f3n Nacional de Patrullaje Integrado, que consiste en realizar un trabajo articulado en coordinaci\u00f3n con el Gobierno Central, Gobierno Local y Juntas Vecinales, de tal manera garantice el cumplimiento de las leyes, protegiendo a las personas y sus bienes, manteniendo una estrecha coordinaci\u00f3n con la comunidad, gobiernos locales y regionales, quienes promueven la participaci\u00f3n de la defensa civil, desarrollo social.<\/span><\/p>\n<p><span style=\"color: #000000;\">La inseguridad ciudadana en los 43 distritos de nuestra ciudad es un problema constante, afirma la comuna. Si bien la pandemia inicialmente forz\u00f3 un declive en los indicadores de robos y hurtos, especialistas temen que la crisis econ\u00f3mica produzca un aumento de crimen en el corto plazo. Lamentablemente la inseguridad ha puesto a todos los habitantes en una constante alerta, menciona en el comunicado.<\/span><\/p>\n<p><span style=\"color: #000000;\">Se conoce que otros distritos tienen ordenanzas que hasta el momento no tienen resultados \u00f3ptimos, es por ello que el alcalde Edde Cuellar invoca a trabajar de manera conjunta y hace un llamado al ministro del Interior, Polic\u00eda Nacional y alcaldes distritales para as\u00ed poder trabajar en una sola l\u00ednea en bien de la comunidad lime\u00f1a, finaliza.<\/span><\/p>\n","protected":false},"excerpt":{"rendered":"<p>Burgomaestre anuncia la creaci\u00f3n de la Direcci\u00f3n Nacional de Patrullaje Integrado Lima, 10 de Febrero 2022, (ANDINA).- Alcalde de Ate, Edde Cuellar, anunci\u00f3 la creaci\u00f3n de la Direcci\u00f3n Nacional de Patrullaje Integrado para realizar un trabajo articulado en coordinaci\u00f3n con el Gobierno Central, Gobierno Local y Juntas Vecinales, con el fin de luchar contra la [&hellip;]<\/p>\n","protected":false},"author":1,"featured_media":111848,"comment_status":"closed","ping_status":"closed","sticky":false,"template":"","format":"standard","meta":{"rop_custom_images_group":[],"rop_custom_messages_group":[],"rop_publish_now":"initial","rop_publish_now_accounts":[],"rop_publish_now_history":[],"rop_publish_now_status":"pending","footnotes":""},"categories":[10],"tags":[1430,3931],"class_list":["post-111847","post","type-post","status-publish","format-standard","has-post-thumbnail","hentry","category-actualidad-municipal","tag-ate","tag-municipalidad-de-ate"],"_links":{"self":[{"href":"https:\/\/elinformanteperu.com\/index.php\/wp-json\/wp\/v2\/posts\/111847","targetHints":{"allow":["GET"]}}],"collection":[{"href":"https:\/\/elinformanteperu.com\/index.php\/wp-json\/wp\/v2\/posts"}],"about":[{"href":"https:\/\/elinformanteperu.com\/index.php\/wp-json\/wp\/v2\/types\/post"}],"author":[{"embeddable":true,"href":"https:\/\/elinformanteperu.com\/index.php\/wp-json\/wp\/v2\/users\/1"}],"replies":[{"embeddable":true,"href":"https:\/\/elinformanteperu.com\/index.php\/wp-json\/wp\/v2\/comments?post=111847"}],"version-history":[{"count":1,"href":"https:\/\/elinformanteperu.com\/index.php\/wp-json\/wp\/v2\/posts\/111847\/revisions"}],"predecessor-version":[{"id":111849,"href":"https:\/\/elinformanteperu.com\/index.php\/wp-json\/wp\/v2\/posts\/111847\/revisions\/111849"}],"wp:featuredmedia":[{"embeddable":true,"href":"https:\/\/elinformanteperu.com\/index.php\/wp-json\/wp\/v2\/media\/111848"}],"wp:attachment":[{"href":"https:\/\/elinformanteperu.com\/index.php\/wp-json\/wp\/v2\/media?parent=111847"}],"wp:term":[{"taxonomy":"category","embeddable":true,"href":"https:\/\/elinformanteperu.com\/index.php\/wp-json\/wp\/v2\/categories?post=111847"},{"taxonomy":"post_tag","embeddable":true,"href":"https:\/\/elinformanteperu.com\/index.php\/wp-json\/wp\/v2\/tags?post=111847"}],"curies":[{"name":"wp","href":"https:\/\/api.w.org\/{rel}","templated":true}]}}