{"id":111841,"date":"2022-02-10T21:48:37","date_gmt":"2022-02-11T02:48:37","guid":{"rendered":"https:\/\/elinformanteperu.com\/?p=111841"},"modified":"2022-02-10T21:48:37","modified_gmt":"2022-02-11T02:48:37","slug":"lambayeque-refuerza-lucha-contra-el-comercio-de-medicamentos-falsos","status":"publish","type":"post","link":"https:\/\/elinformanteperu.com\/index.php\/2022\/02\/10\/lambayeque-refuerza-lucha-contra-el-comercio-de-medicamentos-falsos\/","title":{"rendered":"Lambayeque refuerza lucha contra el comercio de medicamentos falsos"},"content":{"rendered":"<p><strong><span style=\"color: #000000;\">Solo en 2021 fueron decomisados 389 kilos de productos ilegales y de dudosa procedencia<\/span><\/strong><\/p>\n<p><span style=\"color: #000000;\"><strong>Lambayeque, 10 de Febrero 2022, (ANDINA).-<\/strong> Durante el 2021, las autoridades de Lambayeque incautaron 389 kilos de productos farmac\u00e9uticos, dispositivos m\u00e9dicos y art\u00edculos sanitarios adulterados y de procedencia informal, refiri\u00f3 hoy la Gerencia Regional de Salud (Geresa) de esta jurisdicci\u00f3n.<\/span><\/p>\n<p><span style=\"color: #000000;\">En el contexto del D\u00eda contra la Falsificaci\u00f3n de Medicamentos, la Geresa Lambayeque precis\u00f3 tambi\u00e9n que en lo que va del a\u00f1o 2022 ya se han incautado alrededor de 10 kilos de productos similares.<\/span><\/p>\n<p><span style=\"color: #000000;\">\u201cEn el 2021 incautamos un 13 % m\u00e1s que en 2020\u201d, inform\u00f3 el especialista Felipe Huanilo, funcionario de la Direcci\u00f3n Ejecutiva de Medicamentos, Insumos y Drogas de la Geresa. \u201cY en lo que va de este a\u00f1o hemos hecho un operativo que permiti\u00f3 decomisar 10 kilos de productos de comercio ilegal\u201d.<\/span><\/p>\n<p><strong><span style=\"color: #000000;\">Exhortaci\u00f3n a la comunidad<\/span><\/strong><\/p>\n<p><span style=\"color: #000000;\">El especialista inst\u00f3 a la poblaci\u00f3n a no adquirir medicamentos con precios por debajo del mercado, de dudosa procedencia, con rotulado adulterado o borrado, que no cuente con registro sanitario o procedente de instituciones p\u00fablicas y con fecha de vencimiento caducada.<\/span><\/p>\n<p><span style=\"color: #000000;\">Tampoco hay que comprar aquellos productos que se ofrecen fuera de farmacias y boticas autorizadas, es decir, en mercados, ferias, corralones, campos feriales, en la v\u00eda p\u00fablica y en bodegas.<\/span><\/p>\n<p><span style=\"color: #000000;\">\u00abPara identificar un producto falsificado, el usuario debe revisar la fecha de vencimiento, el registro sanitario y la impresi\u00f3n del empaque, que debe ser n\u00edtida\u201d, observ\u00f3 Huanilo.<\/span><\/p>\n<p><span style=\"color: #000000;\">\u201cSi en un bl\u00edster la impresi\u00f3n es defectuosa y si al pasar el dedo sobre la inscripci\u00f3n \u00e9sta se borra, entonces lo m\u00e1s seguro es que estemos frente a un producto falso. Por eso, es importante tener en cuenta el precio y lugar donde compramos\u00bb, coment\u00f3 el especialista.<\/span><\/p>\n<p><span style=\"color: #000000;\">Establecimientos sancionados<\/span><\/p>\n<p><span style=\"color: #000000;\">Se inform\u00f3 tambi\u00e9n que 104 establecimientos de venta farmac\u00e9uticos han sido cerrados durante 2021. Adem\u00e1s, en los pr\u00f3ximos d\u00edas la Geresa coordinar\u00e1 con el Ministerio P\u00fablico, Aduanas y la Polic\u00eda Nacional para realizar un plan de intervenci\u00f3n en los distritos de La Victoria y Jos\u00e9 Leonardo Ortiz.<\/span><\/p>\n<p><span style=\"color: #000000;\">El consumo de productos farmac\u00e9uticos falsificados puede producir, en algunos casos, reacciones adversas como diarrea e intoxicaciones.<\/span><\/p>\n","protected":false},"excerpt":{"rendered":"<p>Solo en 2021 fueron decomisados 389 kilos de productos ilegales y de dudosa procedencia Lambayeque, 10 de Febrero 2022, (ANDINA).- Durante el 2021, las autoridades de Lambayeque incautaron 389 kilos de productos farmac\u00e9uticos, dispositivos m\u00e9dicos y art\u00edculos sanitarios adulterados y de procedencia informal, refiri\u00f3 hoy la Gerencia Regional de Salud (Geresa) de esta jurisdicci\u00f3n. En [&hellip;]<\/p>\n","protected":false},"author":1,"featured_media":111842,"comment_status":"closed","ping_status":"closed","sticky":false,"template":"","format":"standard","meta":{"rop_custom_images_group":[],"rop_custom_messages_group":[],"rop_publish_now":"initial","rop_publish_now_accounts":[],"rop_publish_now_history":[],"rop_publish_now_status":"pending","footnotes":""},"categories":[10],"tags":[3861],"class_list":["post-111841","post","type-post","status-publish","format-standard","has-post-thumbnail","hentry","category-actualidad-municipal","tag-lambayeque"],"_links":{"self":[{"href":"https:\/\/elinformanteperu.com\/index.php\/wp-json\/wp\/v2\/posts\/111841","targetHints":{"allow":["GET"]}}],"collection":[{"href":"https:\/\/elinformanteperu.com\/index.php\/wp-json\/wp\/v2\/posts"}],"about":[{"href":"https:\/\/elinformanteperu.com\/index.php\/wp-json\/wp\/v2\/types\/post"}],"author":[{"embeddable":true,"href":"https:\/\/elinformanteperu.com\/index.php\/wp-json\/wp\/v2\/users\/1"}],"replies":[{"embeddable":true,"href":"https:\/\/elinformanteperu.com\/index.php\/wp-json\/wp\/v2\/comments?post=111841"}],"version-history":[{"count":1,"href":"https:\/\/elinformanteperu.com\/index.php\/wp-json\/wp\/v2\/posts\/111841\/revisions"}],"predecessor-version":[{"id":111843,"href":"https:\/\/elinformanteperu.com\/index.php\/wp-json\/wp\/v2\/posts\/111841\/revisions\/111843"}],"wp:featuredmedia":[{"embeddable":true,"href":"https:\/\/elinformanteperu.com\/index.php\/wp-json\/wp\/v2\/media\/111842"}],"wp:attachment":[{"href":"https:\/\/elinformanteperu.com\/index.php\/wp-json\/wp\/v2\/media?parent=111841"}],"wp:term":[{"taxonomy":"category","embeddable":true,"href":"https:\/\/elinformanteperu.com\/index.php\/wp-json\/wp\/v2\/categories?post=111841"},{"taxonomy":"post_tag","embeddable":true,"href":"https:\/\/elinformanteperu.com\/index.php\/wp-json\/wp\/v2\/tags?post=111841"}],"curies":[{"name":"wp","href":"https:\/\/api.w.org\/{rel}","templated":true}]}}