{"id":111832,"date":"2022-02-10T21:00:53","date_gmt":"2022-02-11T02:00:53","guid":{"rendered":"https:\/\/elinformanteperu.com\/?p=111832"},"modified":"2022-02-10T21:00:53","modified_gmt":"2022-02-11T02:00:53","slug":"ricardo-gareca-cumple-64-anos-en-plena-lucha-para-repetir-la-hazana-mundialista-con-peru","status":"publish","type":"post","link":"https:\/\/elinformanteperu.com\/index.php\/2022\/02\/10\/ricardo-gareca-cumple-64-anos-en-plena-lucha-para-repetir-la-hazana-mundialista-con-peru\/","title":{"rendered":"Ricardo Gareca cumple 64 a\u00f1os en plena lucha para repetir la haza\u00f1a mundialista con Per\u00fa"},"content":{"rendered":"<p><strong><span style=\"color: #000000;\">La selecci\u00f3n peruana le brind\u00f3 un saludo por su cumplea\u00f1os<\/span><\/strong><\/p>\n<p><span style=\"color: #000000;\"><strong>Lima, 10 de Febrero 2022, (ANDINA).-<\/strong> Ricardo Gareca, quien es uno de los personajes m\u00e1s queridos por la afici\u00f3n peruana, cumple hoy 64 a\u00f1os y lo celebra concentrado en preparar sus dos \u00faltimos partidos con la selecci\u00f3n peruana en las eliminatorias con el objetivo de llevar al pa\u00eds \u00abinca\u00bb al Mundial Catar 2022. El Tigre se ha ganado el cari\u00f1o y el respeto porque bajo sus direcci\u00f3n la Blanquirroja ha logrado haza\u00f1as como la clasificaci\u00f3n al Mundial Rusia 2018 y ser finalista de la Copa Am\u00e9rica 2019. Vea aqu\u00ed la galer\u00eda fotogr\u00e1fica<\/span><\/p>\n<p><span style=\"color: #000000;\">Ricardo Alberto Gareca Nardi, naci\u00f3 en el barrio de Mataderos, en Argentina, el 10 de febrero de 1958.<\/span><\/p>\n<p><span style=\"color: #000000;\">Conoci\u00f3 por primera vez el f\u00fatbol en Tapiales, Buenos Aires. Con apenas 13 a\u00f1os, empez\u00f3 a formarse como volante en las divisiones inferiores de Boca Juniors.<\/span><\/p>\n<p><span style=\"color: #000000;\">En 1978, Gareca debut\u00f3 como futbolista con la camiseta xeneize en un partido contra Rosario Central. Luego de un breve paso por Sarmiento, volvi\u00f3 a Boca junto a su amigo \u00d3scar Ruggeri donde tuvieron un conflicto con la dirigencia del club por provocar una huelga de futbolistas (1984).<\/span><\/p>\n<p><span style=\"color: #000000;\">Ello fue aprovechado por River Plate para incorporarlo a sus filas al \u2018Tigre\u2019. Antes de retirase como futbolista en Independiente en 1994, pas\u00f3 por Am\u00e9rica Cali de Colombia y V\u00e9lez Sarsfield. A lo largo de su carrera anot\u00f3 208 goles, sumando los cinco que hizo con la selecci\u00f3n argentina en 20 partidos que disput\u00f3.<\/span><\/p>\n<p><span style=\"color: #000000;\">Existe un hecho curioso en la vida de el Tigre que lo uni\u00f3 al Per\u00fa sin querer. En las eliminatorias al Mundial de M\u00e9xico 1986, Gareca fue convocado para el partido contra Per\u00fa, donde anot\u00f3 un gol que elimin\u00f3 a los \u00abincas\u00bb y clasific\u00f3 a la Albiceleste.<\/span><\/p>\n<p><span style=\"color: #000000;\">A pesar de haber convertido el tanto de la clasificaci\u00f3n no le vali\u00f3 para ser convocado para la Copa del Mundo 1986, en el que Argentina se coron\u00f3 campe\u00f3n con un Diego Maradona brillante.<\/span><\/p>\n<p><a href=\"https:\/\/elinformanteperu.com\/wp-content\/uploads\/2021\/05\/gareca-entrenamiento-seleccion.jpg\"><img fetchpriority=\"high\" decoding=\"async\" class=\"size-full wp-image-97677 aligncenter\" src=\"https:\/\/elinformanteperu.com\/wp-content\/uploads\/2021\/05\/gareca-entrenamiento-seleccion.jpg\" alt=\"\" width=\"1800\" height=\"1200\" srcset=\"https:\/\/elinformanteperu.com\/wp-content\/uploads\/2021\/05\/gareca-entrenamiento-seleccion.jpg 1800w, https:\/\/elinformanteperu.com\/wp-content\/uploads\/2021\/05\/gareca-entrenamiento-seleccion-300x200.jpg 300w, https:\/\/elinformanteperu.com\/wp-content\/uploads\/2021\/05\/gareca-entrenamiento-seleccion-1024x683.jpg 1024w, https:\/\/elinformanteperu.com\/wp-content\/uploads\/2021\/05\/gareca-entrenamiento-seleccion-768x512.jpg 768w, https:\/\/elinformanteperu.com\/wp-content\/uploads\/2021\/05\/gareca-entrenamiento-seleccion-1536x1024.jpg 1536w\" sizes=\"(max-width: 1800px) 100vw, 1800px\" \/><\/a><\/p>\n","protected":false},"excerpt":{"rendered":"<p>La selecci\u00f3n peruana le brind\u00f3 un saludo por su cumplea\u00f1os Lima, 10 de Febrero 2022, (ANDINA).- Ricardo Gareca, quien es uno de los personajes m\u00e1s queridos por la afici\u00f3n peruana, cumple hoy 64 a\u00f1os y lo celebra concentrado en preparar sus dos \u00faltimos partidos con la selecci\u00f3n peruana en las eliminatorias con el objetivo de [&hellip;]<\/p>\n","protected":false},"author":1,"featured_media":111833,"comment_status":"closed","ping_status":"closed","sticky":false,"template":"","format":"standard","meta":{"rop_custom_images_group":[],"rop_custom_messages_group":[],"rop_publish_now":"initial","rop_publish_now_accounts":[],"rop_publish_now_history":[],"rop_publish_now_status":"pending","footnotes":""},"categories":[8],"tags":[92],"class_list":["post-111832","post","type-post","status-publish","format-standard","has-post-thumbnail","hentry","category-disciplinas-deportivas","tag-ricardo-gareca"],"_links":{"self":[{"href":"https:\/\/elinformanteperu.com\/index.php\/wp-json\/wp\/v2\/posts\/111832","targetHints":{"allow":["GET"]}}],"collection":[{"href":"https:\/\/elinformanteperu.com\/index.php\/wp-json\/wp\/v2\/posts"}],"about":[{"href":"https:\/\/elinformanteperu.com\/index.php\/wp-json\/wp\/v2\/types\/post"}],"author":[{"embeddable":true,"href":"https:\/\/elinformanteperu.com\/index.php\/wp-json\/wp\/v2\/users\/1"}],"replies":[{"embeddable":true,"href":"https:\/\/elinformanteperu.com\/index.php\/wp-json\/wp\/v2\/comments?post=111832"}],"version-history":[{"count":1,"href":"https:\/\/elinformanteperu.com\/index.php\/wp-json\/wp\/v2\/posts\/111832\/revisions"}],"predecessor-version":[{"id":111834,"href":"https:\/\/elinformanteperu.com\/index.php\/wp-json\/wp\/v2\/posts\/111832\/revisions\/111834"}],"wp:featuredmedia":[{"embeddable":true,"href":"https:\/\/elinformanteperu.com\/index.php\/wp-json\/wp\/v2\/media\/111833"}],"wp:attachment":[{"href":"https:\/\/elinformanteperu.com\/index.php\/wp-json\/wp\/v2\/media?parent=111832"}],"wp:term":[{"taxonomy":"category","embeddable":true,"href":"https:\/\/elinformanteperu.com\/index.php\/wp-json\/wp\/v2\/categories?post=111832"},{"taxonomy":"post_tag","embeddable":true,"href":"https:\/\/elinformanteperu.com\/index.php\/wp-json\/wp\/v2\/tags?post=111832"}],"curies":[{"name":"wp","href":"https:\/\/api.w.org\/{rel}","templated":true}]}}