{"id":111829,"date":"2022-02-10T20:56:53","date_gmt":"2022-02-11T01:56:53","guid":{"rendered":"https:\/\/elinformanteperu.com\/?p=111829"},"modified":"2022-02-10T20:56:53","modified_gmt":"2022-02-11T01:56:53","slug":"cristian-benavente-venir-a-jugar-al-peru-no-es-bajar-un-escalon-es-un-reto","status":"publish","type":"post","link":"https:\/\/elinformanteperu.com\/index.php\/2022\/02\/10\/cristian-benavente-venir-a-jugar-al-peru-no-es-bajar-un-escalon-es-un-reto\/","title":{"rendered":"Cristian Benavente: \u00abVenir a jugar al Per\u00fa no es bajar un escal\u00f3n, es un reto\u00bb"},"content":{"rendered":"<p><span style=\"color: #000000;\"><strong>Lima, 10 de Febrero 2022, (ANDINA).-<\/strong> Cristian Benavente dio a conocer hoy que tiene mucha ilusi\u00f3n por haber llegado a Alianza Lima y que ve como una oportunidad muy buena porque cree que venir a Per\u00fa y jugar la Copa Libertadores no es bajar un escal\u00f3n, todo lo contrario, lo asume como un reto.<\/span><\/p>\n<p><span style=\"color: #000000;\">Benavente fue presentado como nuevo jugador de Alianza Lima y hoy habl\u00f3 sobre sus primeras sensaciones tras enfundarse la camiseta Blanquiazul. Agradeci\u00f3 todo lo que el club le est\u00e1 brindando.<\/span><\/p>\n<p><span style=\"color: #000000;\">\u00abGracias por el recibimiento, no lo esperaba, estoy m\u00e1s que feliz de estar aqu\u00ed hoy en este club tan grande y con tanta historia. Gracias al club por lo que ha hecho y por hacerme sentir un jugador importante en todo momento, estoy seguro que todo ir\u00e1 bien porque veo un grupo muy bueno tanto en lo humano como en lo deportivo, tengo mucha ilusi\u00f3n y espero tener a los hinchas contentos\u00bb, dijo en conferencia.<\/span><\/p>\n<p><span style=\"color: #000000;\">Agreg\u00f3: \u00abHay un equipo muy bueno para tener ilusi\u00f3n en la Copa Libertadores, es un torneo de renombre y jugarlo con Alianza es una oportunidad muy buena. Venir a Per\u00fa y jugar la Libertadores no es bajar un escal\u00f3n, es un reto\u00bb.<\/span><\/p>\n<p><span style=\"color: #000000;\">Calific\u00f3 a Alianza Lima como equipo ideal para volver a encaminarse en el f\u00fatbol y alcanzar sus metas.<\/span><\/p>\n<p><span style=\"color: #000000;\">\u00abEn cuanto apareci\u00f3 la opci\u00f3n de Alianza Lima fue mi prioridad, puede haber habido otras opciones en Sudam\u00e9rica y en Europa pero no es relevante. Mi prioridad era disfrutar, sentirme como en casa y estoy seguro que Alianza es el equipo ideal. F\u00edsicamente me encuentro muy bien, no he parado de entrenar, ni de cuidarme, por eso no hay ning\u00fan problema\u00bb, asegur\u00f3 el jugador de 27 a\u00f1os.<\/span><\/p>\n<p><span style=\"color: #000000;\">Sobre la posibilidad de llegar a la selecci\u00f3n peruana, el Chaval manifest\u00f3 que eso siempre lo mantiene en horizonte; sin embargo, asegur\u00f3 que su principal objetivo, por ahora, es ayudar a Alianza Lima a lograr los objetivos.<\/span><\/p>\n<p><span style=\"color: #000000;\">\u00abLa selecci\u00f3n es un objetivo siempre, siempre lo tengo en el horizonte pero ahora me centro m\u00e1s en disfrutar y ayudar al equipo. No es un objetivo real a d\u00eda de hoy para ma\u00f1ana, necesito un proceso de adaptaci\u00f3n y si se da, ser\u00e1 consecuencia de hacer un buen trabajo\u00bb.<\/span><\/p>\n<p><span style=\"color: #000000;\">Benavente, quien se form\u00f3 en las divisiones inferiores del Real Madrid, se unir\u00e1 al equipo peruano procedente del Pyramids egipcio, equipo due\u00f1o de su ficha, y tras haber jugado muy pocos minutos en 2021 en el Royal Charleroi belga, en el que sufri\u00f3 una lesi\u00f3n y luego no cont\u00f3 con oportunidades.<\/span><\/p>\n<blockquote class=\"twitter-tweet\">\n<p dir=\"ltr\" lang=\"und\">\u00a1\ud835\uddd4\ud835\udde4\ud835\udde8\u00cd y \ud835\uddd4\ud835\udddb\ud835\udde2\ud835\udde5\ud835\uddd4!\ud83e\udd1c\ud83c\udffe\ud83e\udd1b\ud83c\udffe<\/p>\n<p>\u26aa\ufe0f|\u1d04\u0280\u026a\ua731\u1d1b\u026a\u1d00\u0274 \u0299\u1d07\u0274\u1d00\u1d20\u1d07\u0274\u1d1b\u1d07|\ud83d\udd35<a href=\"https:\/\/twitter.com\/hashtag\/AlianzaCampe%C3%B3n?src=hash&amp;ref_src=twsrc%5Etfw\">#AlianzaCampe\u00f3n<\/a><a href=\"https:\/\/twitter.com\/hashtag\/RefuerzoAL2022?src=hash&amp;ref_src=twsrc%5Etfw\">#RefuerzoAL2022<\/a> <a href=\"https:\/\/t.co\/PmbD2Jsnre\">pic.twitter.com\/PmbD2Jsnre<\/a><\/p>\n<p>\u2014 Club Alianza Lima (@ClubALoficial) <a href=\"https:\/\/twitter.com\/ClubALoficial\/status\/1491783477653491713?ref_src=twsrc%5Etfw\">February 10, 2022<\/a><\/p><\/blockquote>\n<p><script async src=\"https:\/\/platform.twitter.com\/widgets.js\" charset=\"utf-8\"><\/script><\/p>\n","protected":false},"excerpt":{"rendered":"<p>Lima, 10 de Febrero 2022, (ANDINA).- Cristian Benavente dio a conocer hoy que tiene mucha ilusi\u00f3n por haber llegado a Alianza Lima y que ve como una oportunidad muy buena porque cree que venir a Per\u00fa y jugar la Copa Libertadores no es bajar un escal\u00f3n, todo lo contrario, lo asume como un reto. Benavente [&hellip;]<\/p>\n","protected":false},"author":1,"featured_media":111830,"comment_status":"closed","ping_status":"closed","sticky":false,"template":"","format":"standard","meta":{"rop_custom_images_group":[],"rop_custom_messages_group":[],"rop_publish_now":"initial","rop_publish_now_accounts":[],"rop_publish_now_history":[],"rop_publish_now_status":"pending","footnotes":""},"categories":[8],"tags":[91,879],"class_list":["post-111829","post","type-post","status-publish","format-standard","has-post-thumbnail","hentry","category-disciplinas-deportivas","tag-alianza-lima","tag-cristian-benavente"],"_links":{"self":[{"href":"https:\/\/elinformanteperu.com\/index.php\/wp-json\/wp\/v2\/posts\/111829","targetHints":{"allow":["GET"]}}],"collection":[{"href":"https:\/\/elinformanteperu.com\/index.php\/wp-json\/wp\/v2\/posts"}],"about":[{"href":"https:\/\/elinformanteperu.com\/index.php\/wp-json\/wp\/v2\/types\/post"}],"author":[{"embeddable":true,"href":"https:\/\/elinformanteperu.com\/index.php\/wp-json\/wp\/v2\/users\/1"}],"replies":[{"embeddable":true,"href":"https:\/\/elinformanteperu.com\/index.php\/wp-json\/wp\/v2\/comments?post=111829"}],"version-history":[{"count":1,"href":"https:\/\/elinformanteperu.com\/index.php\/wp-json\/wp\/v2\/posts\/111829\/revisions"}],"predecessor-version":[{"id":111831,"href":"https:\/\/elinformanteperu.com\/index.php\/wp-json\/wp\/v2\/posts\/111829\/revisions\/111831"}],"wp:featuredmedia":[{"embeddable":true,"href":"https:\/\/elinformanteperu.com\/index.php\/wp-json\/wp\/v2\/media\/111830"}],"wp:attachment":[{"href":"https:\/\/elinformanteperu.com\/index.php\/wp-json\/wp\/v2\/media?parent=111829"}],"wp:term":[{"taxonomy":"category","embeddable":true,"href":"https:\/\/elinformanteperu.com\/index.php\/wp-json\/wp\/v2\/categories?post=111829"},{"taxonomy":"post_tag","embeddable":true,"href":"https:\/\/elinformanteperu.com\/index.php\/wp-json\/wp\/v2\/tags?post=111829"}],"curies":[{"name":"wp","href":"https:\/\/api.w.org\/{rel}","templated":true}]}}