{"id":111827,"date":"2022-02-10T20:44:12","date_gmt":"2022-02-11T01:44:12","guid":{"rendered":"https:\/\/elinformanteperu.com\/?p=111827"},"modified":"2022-02-10T20:44:12","modified_gmt":"2022-02-11T01:44:12","slug":"la-afa-pide-formalmente-que-el-argentina-venezuela-se-juegue-el-25-de-marzo","status":"publish","type":"post","link":"https:\/\/elinformanteperu.com\/index.php\/2022\/02\/10\/la-afa-pide-formalmente-que-el-argentina-venezuela-se-juegue-el-25-de-marzo\/","title":{"rendered":"La AFA pide formalmente que el Argentina-Venezuela se juegue el 25 de marzo"},"content":{"rendered":"<p><span style=\"color: #000000;\"><strong>Lima, 10 de Febrero 2022, (ANDINA).-<\/strong> La Asociaci\u00f3n del F\u00fatbol Argentino (AFA) inform\u00f3 este jueves que \u00abelev\u00f3 un pedido formal\u00bb para que el partido de las eliminatorias sudamericanas entre la Albiceleste y Venezuela se juegue el 25 de marzo y no el 24, como estaba previsto, tras la solicitud realizada por organismos de Derechos Humanos.<\/span><\/p>\n<p><span style=\"color: #000000;\">Alrededor de una decena de organizaciones integrantes del Encuentro Memoria, Verdad y Justicia pidieron este lunes que el partido no se juegue el 24 de marzo porque ese d\u00eda se conmemora a las v\u00edctimas de la \u00faltima dictadura c\u00edvico militar.<\/span><\/p>\n<p><span style=\"color: #000000;\">Consideran \u00abmuy equivocada\u00bb la \u00abdecisi\u00f3n\u00bb de jugar este encuentro el \u00abD\u00eda Nacional de la Memoria por la Verdad y la Justicia\u00bb, que es feriado y en el que se realizan movilizaciones para pedir \u00abMemoria, Verdad y Justicia\u00bb por las v\u00edctimas de la \u00faltima dictadura c\u00edvico militar (24 de marzo 1976 &#8211; 10 de diciembre de 1983).<\/span><\/p>\n<p><span style=\"color: #000000;\">\u00abEl aniversario del golpe militar que inici\u00f3 la dictadura m\u00e1s atroz que hayamos sufrido en nuestra historia no solamente es una de las fechas m\u00e1s sentidas del calendario nacional, sino tambi\u00e9n la de mayor movilizaci\u00f3n popular tanto a la Plaza de Mayo como a las plazas de todo el pa\u00eds\u00bb, dec\u00eda el texto enviado al Comit\u00e9 Ejecutivo de la Asociaci\u00f3n del F\u00fatbol Argentino y al Ministerio de Turismo y Deportes del pa\u00eds sudamericano.<\/span><\/p>\n<p><span style=\"color: #000000;\">Este jueves, la AFA inform\u00f3 que elev\u00f3 un pedido formal a la Direcci\u00f3n de Competiciones de la Conmebol y a la FIFA para que el partido sea \u00abprogramado\u00bb el viernes 25 de marzo a las 20.30 local (23.30 GMT) en \u00abestadio a confirmar.<\/span><\/p>\n<p><a href=\"https:\/\/elinformanteperu.com\/wp-content\/uploads\/2021\/10\/argentina-messi-gol.jpg\"><img fetchpriority=\"high\" decoding=\"async\" class=\"size-full wp-image-106709 aligncenter\" src=\"https:\/\/elinformanteperu.com\/wp-content\/uploads\/2021\/10\/argentina-messi-gol.jpg\" alt=\"\" width=\"1800\" height=\"1199\" srcset=\"https:\/\/elinformanteperu.com\/wp-content\/uploads\/2021\/10\/argentina-messi-gol.jpg 1800w, https:\/\/elinformanteperu.com\/wp-content\/uploads\/2021\/10\/argentina-messi-gol-300x200.jpg 300w, https:\/\/elinformanteperu.com\/wp-content\/uploads\/2021\/10\/argentina-messi-gol-1024x682.jpg 1024w, https:\/\/elinformanteperu.com\/wp-content\/uploads\/2021\/10\/argentina-messi-gol-768x512.jpg 768w, https:\/\/elinformanteperu.com\/wp-content\/uploads\/2021\/10\/argentina-messi-gol-1536x1023.jpg 1536w\" sizes=\"(max-width: 1800px) 100vw, 1800px\" \/><\/a><\/p>\n","protected":false},"excerpt":{"rendered":"<p>Lima, 10 de Febrero 2022, (ANDINA).- La Asociaci\u00f3n del F\u00fatbol Argentino (AFA) inform\u00f3 este jueves que \u00abelev\u00f3 un pedido formal\u00bb para que el partido de las eliminatorias sudamericanas entre la Albiceleste y Venezuela se juegue el 25 de marzo y no el 24, como estaba previsto, tras la solicitud realizada por organismos de Derechos Humanos. [&hellip;]<\/p>\n","protected":false},"author":1,"featured_media":104920,"comment_status":"closed","ping_status":"closed","sticky":false,"template":"","format":"standard","meta":{"rop_custom_images_group":[],"rop_custom_messages_group":[],"rop_publish_now":"initial","rop_publish_now_accounts":[],"rop_publish_now_history":[],"rop_publish_now_status":"pending","footnotes":""},"categories":[8],"tags":[],"class_list":["post-111827","post","type-post","status-publish","format-standard","has-post-thumbnail","hentry","category-disciplinas-deportivas"],"_links":{"self":[{"href":"https:\/\/elinformanteperu.com\/index.php\/wp-json\/wp\/v2\/posts\/111827","targetHints":{"allow":["GET"]}}],"collection":[{"href":"https:\/\/elinformanteperu.com\/index.php\/wp-json\/wp\/v2\/posts"}],"about":[{"href":"https:\/\/elinformanteperu.com\/index.php\/wp-json\/wp\/v2\/types\/post"}],"author":[{"embeddable":true,"href":"https:\/\/elinformanteperu.com\/index.php\/wp-json\/wp\/v2\/users\/1"}],"replies":[{"embeddable":true,"href":"https:\/\/elinformanteperu.com\/index.php\/wp-json\/wp\/v2\/comments?post=111827"}],"version-history":[{"count":1,"href":"https:\/\/elinformanteperu.com\/index.php\/wp-json\/wp\/v2\/posts\/111827\/revisions"}],"predecessor-version":[{"id":111828,"href":"https:\/\/elinformanteperu.com\/index.php\/wp-json\/wp\/v2\/posts\/111827\/revisions\/111828"}],"wp:featuredmedia":[{"embeddable":true,"href":"https:\/\/elinformanteperu.com\/index.php\/wp-json\/wp\/v2\/media\/104920"}],"wp:attachment":[{"href":"https:\/\/elinformanteperu.com\/index.php\/wp-json\/wp\/v2\/media?parent=111827"}],"wp:term":[{"taxonomy":"category","embeddable":true,"href":"https:\/\/elinformanteperu.com\/index.php\/wp-json\/wp\/v2\/categories?post=111827"},{"taxonomy":"post_tag","embeddable":true,"href":"https:\/\/elinformanteperu.com\/index.php\/wp-json\/wp\/v2\/tags?post=111827"}],"curies":[{"name":"wp","href":"https:\/\/api.w.org\/{rel}","templated":true}]}}