{"id":111282,"date":"2022-01-31T23:01:01","date_gmt":"2022-02-01T04:01:01","guid":{"rendered":"https:\/\/elinformanteperu.com\/?p=111282"},"modified":"2022-01-31T23:01:01","modified_gmt":"2022-02-01T04:01:01","slug":"seleccion-peruana-gareca-estudia-incluir-a-ormeno-por-lapadula-ante-ecuador","status":"publish","type":"post","link":"https:\/\/elinformanteperu.com\/index.php\/2022\/01\/31\/seleccion-peruana-gareca-estudia-incluir-a-ormeno-por-lapadula-ante-ecuador\/","title":{"rendered":"Selecci\u00f3n peruana: Gareca estudia incluir a Orme\u00f1o por Lapadula ante Ecuador"},"content":{"rendered":"<p><span style=\"color: #000000;\"><strong>Lima, 31 Enero 2022, (ANDINA).-<\/strong> La selecci\u00f3n peruana entren\u00f3 esta ma\u00f1ana en el Estadio Nacional y qued\u00f3 lista para enfrentar el martes 1 de febrero, a las 21:00 horas, v\u00e1lido por la jornada 16 de las eliminatorias al Mundial Catar 2022. La gran novedad que present\u00f3 Ricardo Gareca en los trabajos fue la inclusi\u00f3n del delantero Santiago Orme\u00f1o en reemplazo de Gianluca Lapadula.<\/span><\/p>\n<p><span style=\"color: #000000;\">Durante el partido de pr\u00e1ctica realizado en el gramado del Estadio Nacional, Gareca prob\u00f3 algunas variantes en el equipo titular con relaci\u00f3n al cotejo disputado con Colombia en Barranquilla.<\/span><\/p>\n<p><span style=\"color: #000000;\">Una de las variantes ser\u00e1 la de Gianluca Lapadula, quien culmin\u00f3 con un fuerte dolor en la nariz producto a choques con Rafael Santos Borr\u00e9 y Yerry Mina, situaci\u00f3n que provoc\u00f3 una fuerte desviaci\u00f3n del tabique.<\/span><\/p>\n<p><span style=\"color: #000000;\">En su lugar estar\u00e1 Santiago Orme\u00f1o en la oncena, as\u00ed lo informaron algunos medios que tuvieron acceso a los trabajos.<\/span><\/p>\n<p><span style=\"color: #000000;\">Otra de las novedades es la inclusi\u00f3n de Christofer Gonzales como extremo por izquierda en reemplazo de Christian Cueva, quien est\u00e1 suspendido por doble amarilla.<\/span><\/p>\n<p><span style=\"color: #000000;\">Tambi\u00e9n regresar\u00e1n a la oncena titular Luis Adv\u00edncula y Miguel Trauco, quienes no estuvieron en el cotejo ante los colombianos por cumplir una fecha de suspensi\u00f3n.<\/span><\/p>\n<p><span style=\"color: #000000;\">Por lo visto en los trabajos, la oncena titular que presentar\u00e1 el t\u00e9cnico Gareca ante Ecuador ser\u00e1 el siguiente: Pedro Gallese: Luis Adv\u00edncula, Carlos Zambrano, Alexander Callens y Miguel Trauco en la defensa; Renato Tapia, Sergio Pe\u00f1a, Yoshimar Yot\u00fan en la volante, Andr\u00e9 Carrillo, Christofer Gonz\u00e1les y Santiago Orme\u00f1o en el ataque.<\/span><\/p>\n<p><a href=\"https:\/\/elinformanteperu.com\/wp-content\/uploads\/2022\/01\/gareca-entrenamientos.jpg\"><img fetchpriority=\"high\" decoding=\"async\" class=\"size-full wp-image-110431 aligncenter\" src=\"https:\/\/elinformanteperu.com\/wp-content\/uploads\/2022\/01\/gareca-entrenamientos.jpg\" alt=\"\" width=\"1800\" height=\"1269\" srcset=\"https:\/\/elinformanteperu.com\/wp-content\/uploads\/2022\/01\/gareca-entrenamientos.jpg 1800w, https:\/\/elinformanteperu.com\/wp-content\/uploads\/2022\/01\/gareca-entrenamientos-300x212.jpg 300w, https:\/\/elinformanteperu.com\/wp-content\/uploads\/2022\/01\/gareca-entrenamientos-1024x722.jpg 1024w, https:\/\/elinformanteperu.com\/wp-content\/uploads\/2022\/01\/gareca-entrenamientos-768x541.jpg 768w, https:\/\/elinformanteperu.com\/wp-content\/uploads\/2022\/01\/gareca-entrenamientos-1536x1083.jpg 1536w\" sizes=\"(max-width: 1800px) 100vw, 1800px\" \/><\/a><\/p>\n","protected":false},"excerpt":{"rendered":"<p>Lima, 31 Enero 2022, (ANDINA).- La selecci\u00f3n peruana entren\u00f3 esta ma\u00f1ana en el Estadio Nacional y qued\u00f3 lista para enfrentar el martes 1 de febrero, a las 21:00 horas, v\u00e1lido por la jornada 16 de las eliminatorias al Mundial Catar 2022. La gran novedad que present\u00f3 Ricardo Gareca en los trabajos fue la inclusi\u00f3n del [&hellip;]<\/p>\n","protected":false},"author":1,"featured_media":111283,"comment_status":"closed","ping_status":"closed","sticky":false,"template":"","format":"standard","meta":{"rop_custom_images_group":[],"rop_custom_messages_group":[],"rop_publish_now":"initial","rop_publish_now_accounts":[],"rop_publish_now_history":[],"rop_publish_now_status":"pending","footnotes":""},"categories":[8],"tags":[4431,6616],"class_list":["post-111282","post","type-post","status-publish","format-standard","has-post-thumbnail","hentry","category-disciplinas-deportivas","tag-eliminatorias-qatar-2022","tag-peru-ecuador"],"_links":{"self":[{"href":"https:\/\/elinformanteperu.com\/index.php\/wp-json\/wp\/v2\/posts\/111282","targetHints":{"allow":["GET"]}}],"collection":[{"href":"https:\/\/elinformanteperu.com\/index.php\/wp-json\/wp\/v2\/posts"}],"about":[{"href":"https:\/\/elinformanteperu.com\/index.php\/wp-json\/wp\/v2\/types\/post"}],"author":[{"embeddable":true,"href":"https:\/\/elinformanteperu.com\/index.php\/wp-json\/wp\/v2\/users\/1"}],"replies":[{"embeddable":true,"href":"https:\/\/elinformanteperu.com\/index.php\/wp-json\/wp\/v2\/comments?post=111282"}],"version-history":[{"count":1,"href":"https:\/\/elinformanteperu.com\/index.php\/wp-json\/wp\/v2\/posts\/111282\/revisions"}],"predecessor-version":[{"id":111284,"href":"https:\/\/elinformanteperu.com\/index.php\/wp-json\/wp\/v2\/posts\/111282\/revisions\/111284"}],"wp:featuredmedia":[{"embeddable":true,"href":"https:\/\/elinformanteperu.com\/index.php\/wp-json\/wp\/v2\/media\/111283"}],"wp:attachment":[{"href":"https:\/\/elinformanteperu.com\/index.php\/wp-json\/wp\/v2\/media?parent=111282"}],"wp:term":[{"taxonomy":"category","embeddable":true,"href":"https:\/\/elinformanteperu.com\/index.php\/wp-json\/wp\/v2\/categories?post=111282"},{"taxonomy":"post_tag","embeddable":true,"href":"https:\/\/elinformanteperu.com\/index.php\/wp-json\/wp\/v2\/tags?post=111282"}],"curies":[{"name":"wp","href":"https:\/\/api.w.org\/{rel}","templated":true}]}}