{"id":111279,"date":"2022-01-31T22:50:59","date_gmt":"2022-02-01T03:50:59","guid":{"rendered":"https:\/\/elinformanteperu.com\/?p=111279"},"modified":"2022-01-31T22:50:59","modified_gmt":"2022-02-01T03:50:59","slug":"peru-ecuador-brasileno-wilton-sampaio-sera-el-arbitro-principal-de-manana","status":"publish","type":"post","link":"https:\/\/elinformanteperu.com\/index.php\/2022\/01\/31\/peru-ecuador-brasileno-wilton-sampaio-sera-el-arbitro-principal-de-manana\/","title":{"rendered":"Per\u00fa-Ecuador: brasile\u00f1o Wilton Sampaio ser\u00e1 el arbitro principal de ma\u00f1ana"},"content":{"rendered":"<p><span style=\"color: #000000;\"><strong>Lima, 31 Enero 2022, (ANDINA).-<\/strong> El brasile\u00f1o Wilton Sampaio ser\u00e1 el encargado de dirigir el partido entre las selecciones de Per\u00fa y Ecuador, que se juega el martes 1 de febrero, a las 21:00 horas en el Estadio Nacional v\u00e1lido por la jornada 16 de las eliminatorias al Mundial Catar 2022.<\/span><\/p>\n<p><span style=\"color: #000000;\">La FIFA anunci\u00f3 que el \u00e1rbitro brasile\u00f1o Wilton Sampaio, ser\u00e1 el juez central del cotejo. Adem\u00e1s, ser\u00e1 apoyado por sus compatriotas Marcelo Van Gasse (\u00c1rbitro Asistente 1), Bruno Boschilia (\u00c1rbitro Asistente 2) y el cuarto \u00e1rbitro ser\u00e1 el venezolano Luiz Flavio Oliveira.<\/span><\/p>\n<p><span style=\"color: #000000;\">La cuarteta arbitral ser\u00e1 completada por los los jueces encargados del Video Arbitraje (VAR), qui\u00e9nes ser\u00e1n Juan Soto (Venezuela) y Rodrigo Figueiredo (Brasil) como su asistente.<\/span><\/p>\n<p><span style=\"color: #000000;\">La blanquirroja afronta est\u00e1 nueva jornada clasificatoria con la moral al tope tras el hist\u00f3rico triunfo de 1-0 obtenido ante Colombia en Barranquilla, que lo coloca en el cuarto puesto, con 20 unidades. Es una posici\u00f3n que lo pone en clasificaci\u00f3n directa la pr\u00f3xima Copa del Mundo.<\/span><\/p>\n<p><a href=\"https:\/\/elinformanteperu.com\/wp-content\/uploads\/2021\/06\/seleccion-peruana-entrenamientos65.jpg\"><img fetchpriority=\"high\" decoding=\"async\" class=\"size-full wp-image-100869 aligncenter\" src=\"https:\/\/elinformanteperu.com\/wp-content\/uploads\/2021\/06\/seleccion-peruana-entrenamientos65.jpg\" alt=\"\" width=\"1800\" height=\"1252\" srcset=\"https:\/\/elinformanteperu.com\/wp-content\/uploads\/2021\/06\/seleccion-peruana-entrenamientos65.jpg 1800w, https:\/\/elinformanteperu.com\/wp-content\/uploads\/2021\/06\/seleccion-peruana-entrenamientos65-300x209.jpg 300w, https:\/\/elinformanteperu.com\/wp-content\/uploads\/2021\/06\/seleccion-peruana-entrenamientos65-1024x712.jpg 1024w, https:\/\/elinformanteperu.com\/wp-content\/uploads\/2021\/06\/seleccion-peruana-entrenamientos65-768x534.jpg 768w, https:\/\/elinformanteperu.com\/wp-content\/uploads\/2021\/06\/seleccion-peruana-entrenamientos65-1536x1068.jpg 1536w\" sizes=\"(max-width: 1800px) 100vw, 1800px\" \/><\/a><\/p>\n","protected":false},"excerpt":{"rendered":"<p>Lima, 31 Enero 2022, (ANDINA).- El brasile\u00f1o Wilton Sampaio ser\u00e1 el encargado de dirigir el partido entre las selecciones de Per\u00fa y Ecuador, que se juega el martes 1 de febrero, a las 21:00 horas en el Estadio Nacional v\u00e1lido por la jornada 16 de las eliminatorias al Mundial Catar 2022. La FIFA anunci\u00f3 que [&hellip;]<\/p>\n","protected":false},"author":1,"featured_media":111280,"comment_status":"closed","ping_status":"closed","sticky":false,"template":"","format":"standard","meta":{"rop_custom_images_group":[],"rop_custom_messages_group":[],"rop_publish_now":"initial","rop_publish_now_accounts":[],"rop_publish_now_history":[],"rop_publish_now_status":"pending","footnotes":""},"categories":[8],"tags":[4431,6616],"class_list":["post-111279","post","type-post","status-publish","format-standard","has-post-thumbnail","hentry","category-disciplinas-deportivas","tag-eliminatorias-qatar-2022","tag-peru-ecuador"],"_links":{"self":[{"href":"https:\/\/elinformanteperu.com\/index.php\/wp-json\/wp\/v2\/posts\/111279","targetHints":{"allow":["GET"]}}],"collection":[{"href":"https:\/\/elinformanteperu.com\/index.php\/wp-json\/wp\/v2\/posts"}],"about":[{"href":"https:\/\/elinformanteperu.com\/index.php\/wp-json\/wp\/v2\/types\/post"}],"author":[{"embeddable":true,"href":"https:\/\/elinformanteperu.com\/index.php\/wp-json\/wp\/v2\/users\/1"}],"replies":[{"embeddable":true,"href":"https:\/\/elinformanteperu.com\/index.php\/wp-json\/wp\/v2\/comments?post=111279"}],"version-history":[{"count":1,"href":"https:\/\/elinformanteperu.com\/index.php\/wp-json\/wp\/v2\/posts\/111279\/revisions"}],"predecessor-version":[{"id":111281,"href":"https:\/\/elinformanteperu.com\/index.php\/wp-json\/wp\/v2\/posts\/111279\/revisions\/111281"}],"wp:featuredmedia":[{"embeddable":true,"href":"https:\/\/elinformanteperu.com\/index.php\/wp-json\/wp\/v2\/media\/111280"}],"wp:attachment":[{"href":"https:\/\/elinformanteperu.com\/index.php\/wp-json\/wp\/v2\/media?parent=111279"}],"wp:term":[{"taxonomy":"category","embeddable":true,"href":"https:\/\/elinformanteperu.com\/index.php\/wp-json\/wp\/v2\/categories?post=111279"},{"taxonomy":"post_tag","embeddable":true,"href":"https:\/\/elinformanteperu.com\/index.php\/wp-json\/wp\/v2\/tags?post=111279"}],"curies":[{"name":"wp","href":"https:\/\/api.w.org\/{rel}","templated":true}]}}