{"id":11125,"date":"2017-06-03T01:11:24","date_gmt":"2017-06-03T06:11:24","guid":{"rendered":"http:\/\/elinformanteperu.com\/?p=11125"},"modified":"2017-06-03T01:11:24","modified_gmt":"2017-06-03T06:11:24","slug":"basombrio-pide-a-poder-judicial-definir-situacion-de-empresa-tuman","status":"publish","type":"post","link":"https:\/\/elinformanteperu.com\/index.php\/2017\/06\/03\/basombrio-pide-a-poder-judicial-definir-situacion-de-empresa-tuman\/","title":{"rendered":"Basombr\u00edo pide a Poder Judicial definir situaci\u00f3n de empresa Tum\u00e1n"},"content":{"rendered":"<p><strong><span style=\"color: #000000;\">El ministro del Interior remiti\u00f3 un oficio al presidente del Poder Judicial en el que le solicita adoptar medidas urgentes que definan la administraci\u00f3n de la Empresa Agroindustrial Tum\u00e1n.<\/span><\/strong><\/p>\n<p><span style=\"color: #000000;\"><strong>Lima, 02 Junio 2017, (ANDINA).-<\/strong> El ministro del Interior, Carlos Basombr\u00edo, remiti\u00f3 un oficio al presidente del Poder Judicial, Duberl\u00ed Rodr\u00edguez, en el que le solicita adoptar medidas urgentes que definan la administraci\u00f3n de la Empresa Agroindustrial Tum\u00e1n.<\/span><\/p>\n<p><span style=\"color: #000000;\">En el oficio, Basombr\u00edo Iglesias considera que la existencia de dos resoluciones judiciales, contradictorias vigentes y emitidas por dos jueces diferentes, contribuyen a que en dicha zona de Lambayeque persista la zozobra, tensi\u00f3n y el riesgo de una mayor violencia que pone en riesgo la seguridad de la poblaci\u00f3n.<\/span><\/p>\n<p><span style=\"color: #000000;\">La \u00faltima de esas resoluciones, la N\u00b0578, fue emitida el pasado 1 de junio por el S\u00e9ptimo Juzgado Civil de la Corte Superior de Justicia de Lambayeque.<\/span><\/p>\n<p><span style=\"color: #000000;\">Dicha medida ratific\u00f3 al ciudadano Wigberto Cabrejos Flores, quien pertenece al grupo Oviedo, como presidente del directorio de la azucarera Tum\u00e1n.<\/span><\/p>\n<p><span style=\"color: #000000;\">A la vez, sigue vigente la solicitud del Juzgado de Paz Letrado de Tum\u00e1n, que el 31 de mayo pasado pidi\u00f3 a la Polic\u00eda Nacional brindar las garant\u00edas de ley para la instalaci\u00f3n de los administradores judiciales que representan a los trabajadores y jubilados de la azucarera.<\/span><\/p>\n<p><span style=\"color: #000000;\">El pasado lunes varias personas resultaron heridas, entre ellas polic\u00edas, a consecuencia de las protestas de trabajadores de la empresa azucarera Tum\u00e1n que se oponen al ingreso de la nueva administraci\u00f3n judicial.<\/span><\/p>\n","protected":false},"excerpt":{"rendered":"<p>El ministro del Interior remiti\u00f3 un oficio al presidente del Poder Judicial en el que le solicita adoptar medidas urgentes que definan la administraci\u00f3n de la Empresa Agroindustrial Tum\u00e1n. Lima, 02 Junio 2017, (ANDINA).- El ministro del Interior, Carlos Basombr\u00edo, remiti\u00f3 un oficio al presidente del Poder Judicial, Duberl\u00ed Rodr\u00edguez, en el que le solicita [&hellip;]<\/p>\n","protected":false},"author":1,"featured_media":9727,"comment_status":"open","ping_status":"open","sticky":false,"template":"","format":"standard","meta":{"rop_custom_images_group":[],"rop_custom_messages_group":[],"rop_publish_now":"initial","rop_publish_now_accounts":[],"rop_publish_now_history":[],"rop_publish_now_status":"pending","footnotes":""},"categories":[10],"tags":[212,280,163,1682],"class_list":["post-11125","post","type-post","status-publish","format-standard","has-post-thumbnail","hentry","category-actualidad-municipal","tag-carlos-basombrio","tag-ministerio-del-interior","tag-poder-judicial","tag-tuman"],"_links":{"self":[{"href":"https:\/\/elinformanteperu.com\/index.php\/wp-json\/wp\/v2\/posts\/11125","targetHints":{"allow":["GET"]}}],"collection":[{"href":"https:\/\/elinformanteperu.com\/index.php\/wp-json\/wp\/v2\/posts"}],"about":[{"href":"https:\/\/elinformanteperu.com\/index.php\/wp-json\/wp\/v2\/types\/post"}],"author":[{"embeddable":true,"href":"https:\/\/elinformanteperu.com\/index.php\/wp-json\/wp\/v2\/users\/1"}],"replies":[{"embeddable":true,"href":"https:\/\/elinformanteperu.com\/index.php\/wp-json\/wp\/v2\/comments?post=11125"}],"version-history":[{"count":1,"href":"https:\/\/elinformanteperu.com\/index.php\/wp-json\/wp\/v2\/posts\/11125\/revisions"}],"predecessor-version":[{"id":11126,"href":"https:\/\/elinformanteperu.com\/index.php\/wp-json\/wp\/v2\/posts\/11125\/revisions\/11126"}],"wp:featuredmedia":[{"embeddable":true,"href":"https:\/\/elinformanteperu.com\/index.php\/wp-json\/wp\/v2\/media\/9727"}],"wp:attachment":[{"href":"https:\/\/elinformanteperu.com\/index.php\/wp-json\/wp\/v2\/media?parent=11125"}],"wp:term":[{"taxonomy":"category","embeddable":true,"href":"https:\/\/elinformanteperu.com\/index.php\/wp-json\/wp\/v2\/categories?post=11125"},{"taxonomy":"post_tag","embeddable":true,"href":"https:\/\/elinformanteperu.com\/index.php\/wp-json\/wp\/v2\/tags?post=11125"}],"curies":[{"name":"wp","href":"https:\/\/api.w.org\/{rel}","templated":true}]}}