{"id":111094,"date":"2022-01-26T22:07:48","date_gmt":"2022-01-27T03:07:48","guid":{"rendered":"https:\/\/elinformanteperu.com\/?p=111094"},"modified":"2022-01-26T22:07:48","modified_gmt":"2022-01-27T03:07:48","slug":"region-cusco-solicitara-declaratoria-de-emergencia-tras-huaico-en-machu-picchu","status":"publish","type":"post","link":"https:\/\/elinformanteperu.com\/index.php\/2022\/01\/26\/region-cusco-solicitara-declaratoria-de-emergencia-tras-huaico-en-machu-picchu\/","title":{"rendered":"Regi\u00f3n Cusco solicitar\u00e1 declaratoria de emergencia tras huaico en Machu Picchu"},"content":{"rendered":"<p><strong><span style=\"color: #000000;\">Hace seis d\u00edas soport\u00f3 un huaico por lluvias intensas<\/span><\/strong><\/p>\n<p><span style=\"color: #000000;\"><strong>Lima, 26 Enero 2022, (ANDINA).-<\/strong> El gobierno regional del Cusco solicitar\u00e1 este jueves la declaratoria de emergencia de Machu Picchu ante el inminente riesgo que representa el r\u00edo Alccamayo para el distrito ubicado en la provincia de Urubamba, que hace seis d\u00edas soport\u00f3 un huaico que dej\u00f3 un desaparecido, una vivienda y puentes colapsados y casas afectadas.<\/span><\/p>\n<p><span style=\"color: #000000;\">El pedido se har\u00e1 a trav\u00e9s de un inform\u00e9 t\u00e9cnico de la Oficina de Gesti\u00f3n de Riesgos y Seguridad (OGRS), que incluye medidas urgentes para la salvaguarda de Machu Picchu Pueblo durante la presente temporada de lluvias con la intervenci\u00f3n de esta cuenca, la tercera despu\u00e9s de los r\u00edos Vilcanota y Aguas Calientes.<\/span><\/p>\n<p><span style=\"color: #000000;\">Roberto Abarca, jefe de la OGRS, declar\u00f3 a la Agencia Andina que durante un recorrido por la cuenca desbordada \u00abse ha verificado [la existencia de] deslizamientos activos que podr\u00edan causar nuevos eventos de emergencia. Puede haber un represamiento y causar un nuevo huaico\u00bb.<\/span><\/p>\n<p><span style=\"color: #000000;\">Esta declaratoria de emergencia, dijo, permitir\u00e1 que instancias del Gobierno nacional como los ministerios de Transportes y Comunicaciones; Comercio Exterior y Turismo; Ambiente, as\u00ed como el Instituto Nacional de Defensa Civil (Indeci) ejecuten proyectos y un presupuesto estimado en 50 millones de soles.<\/span><\/p>\n<p><span style=\"color: #000000;\">El gobernador del Cusco, Jean Paul Benavente Garc\u00eda, inform\u00f3 a la Agencia Andina, que se ha solicitado maquinaria pesada para remover los escombros que arrastra el r\u00edo Alccamayo, y dijo que se cuenta con un proyecto de defensa ribere\u00f1a, pero no se cuenta con presupuesto.<\/span><\/p>\n<p><span style=\"color: #000000;\">Autoridades multisectoriales sostuvieron reuniones en la v\u00edspera con la autoridad edil y funcionarios del distrito de Machu Picchu y t\u00e9cnicos de la Autoridad Nacional del Agua (ANA), con el fin de evaluar posibles riesgos en la zona de emergencia tras el huaico por las lluvias intensas en la parte alta del cauce del r\u00edo Alccamayo.<\/span><\/p>\n<p><a href=\"https:\/\/elinformanteperu.com\/wp-content\/uploads\/2022\/01\/region-cusco-huaico1.jpg\"><img fetchpriority=\"high\" decoding=\"async\" class=\"size-full wp-image-111096 aligncenter\" src=\"https:\/\/elinformanteperu.com\/wp-content\/uploads\/2022\/01\/region-cusco-huaico1.jpg\" alt=\"\" width=\"1800\" height=\"1201\" srcset=\"https:\/\/elinformanteperu.com\/wp-content\/uploads\/2022\/01\/region-cusco-huaico1.jpg 1800w, https:\/\/elinformanteperu.com\/wp-content\/uploads\/2022\/01\/region-cusco-huaico1-300x200.jpg 300w, https:\/\/elinformanteperu.com\/wp-content\/uploads\/2022\/01\/region-cusco-huaico1-1024x683.jpg 1024w, https:\/\/elinformanteperu.com\/wp-content\/uploads\/2022\/01\/region-cusco-huaico1-768x512.jpg 768w, https:\/\/elinformanteperu.com\/wp-content\/uploads\/2022\/01\/region-cusco-huaico1-1536x1025.jpg 1536w\" sizes=\"(max-width: 1800px) 100vw, 1800px\" \/><\/a><\/p>\n","protected":false},"excerpt":{"rendered":"<p>Hace seis d\u00edas soport\u00f3 un huaico por lluvias intensas Lima, 26 Enero 2022, (ANDINA).- El gobierno regional del Cusco solicitar\u00e1 este jueves la declaratoria de emergencia de Machu Picchu ante el inminente riesgo que representa el r\u00edo Alccamayo para el distrito ubicado en la provincia de Urubamba, que hace seis d\u00edas soport\u00f3 un huaico que [&hellip;]<\/p>\n","protected":false},"author":1,"featured_media":111095,"comment_status":"closed","ping_status":"closed","sticky":false,"template":"","format":"standard","meta":{"rop_custom_images_group":[],"rop_custom_messages_group":[],"rop_publish_now":"initial","rop_publish_now_accounts":[],"rop_publish_now_history":[],"rop_publish_now_status":"pending","footnotes":""},"categories":[10],"tags":[1226,1670,857],"class_list":["post-111094","post","type-post","status-publish","format-standard","has-post-thumbnail","hentry","category-actualidad-municipal","tag-cusco","tag-gobierno-regional-de-cusco","tag-huaico"],"_links":{"self":[{"href":"https:\/\/elinformanteperu.com\/index.php\/wp-json\/wp\/v2\/posts\/111094","targetHints":{"allow":["GET"]}}],"collection":[{"href":"https:\/\/elinformanteperu.com\/index.php\/wp-json\/wp\/v2\/posts"}],"about":[{"href":"https:\/\/elinformanteperu.com\/index.php\/wp-json\/wp\/v2\/types\/post"}],"author":[{"embeddable":true,"href":"https:\/\/elinformanteperu.com\/index.php\/wp-json\/wp\/v2\/users\/1"}],"replies":[{"embeddable":true,"href":"https:\/\/elinformanteperu.com\/index.php\/wp-json\/wp\/v2\/comments?post=111094"}],"version-history":[{"count":1,"href":"https:\/\/elinformanteperu.com\/index.php\/wp-json\/wp\/v2\/posts\/111094\/revisions"}],"predecessor-version":[{"id":111097,"href":"https:\/\/elinformanteperu.com\/index.php\/wp-json\/wp\/v2\/posts\/111094\/revisions\/111097"}],"wp:featuredmedia":[{"embeddable":true,"href":"https:\/\/elinformanteperu.com\/index.php\/wp-json\/wp\/v2\/media\/111095"}],"wp:attachment":[{"href":"https:\/\/elinformanteperu.com\/index.php\/wp-json\/wp\/v2\/media?parent=111094"}],"wp:term":[{"taxonomy":"category","embeddable":true,"href":"https:\/\/elinformanteperu.com\/index.php\/wp-json\/wp\/v2\/categories?post=111094"},{"taxonomy":"post_tag","embeddable":true,"href":"https:\/\/elinformanteperu.com\/index.php\/wp-json\/wp\/v2\/tags?post=111094"}],"curies":[{"name":"wp","href":"https:\/\/api.w.org\/{rel}","templated":true}]}}