{"id":111065,"date":"2022-01-24T23:44:45","date_gmt":"2022-01-25T04:44:45","guid":{"rendered":"https:\/\/elinformanteperu.com\/?p=111065"},"modified":"2022-01-24T23:44:45","modified_gmt":"2022-01-25T04:44:45","slug":"vacunacion-a-ninos-de-5-a-11-anos-el-lunes-31-comienza-inmunizacion-de-9-anos-a-mas","status":"publish","type":"post","link":"https:\/\/elinformanteperu.com\/index.php\/2022\/01\/24\/vacunacion-a-ninos-de-5-a-11-anos-el-lunes-31-comienza-inmunizacion-de-9-anos-a-mas\/","title":{"rendered":"Vacunaci\u00f3n a ni\u00f1os de 5 a 11 a\u00f1os: el lunes 31 comienza inmunizaci\u00f3n de 9 a\u00f1os a m\u00e1s"},"content":{"rendered":"<p><strong><span style=\"color: #000000;\">Este viernes llega segundo lote de dosis contra la covid-19<\/span><\/strong><\/p>\n<p><span style=\"color: #000000;\"><strong>Lima, 24 Enero 2022, (ANDINA).-<\/strong> El pr\u00f3ximo lunes 31 de enero se dar\u00e1 inicio a la vacunaci\u00f3n contra la covid-19 de ni\u00f1os de 9 a\u00f1os a m\u00e1s, adelant\u00f3 la jefa de Inmunizaciones del Ministerio de Salud (Minsa), Gabriela Jim\u00e9nez.<\/span><\/p>\n<p><span style=\"color: #000000;\">La funcionaria dijo confiar en el avance de la vacunaci\u00f3n, que hoy se inici\u00f3 en Lima y Callao con los ni\u00f1os de 10 y 11 a\u00f1os y con aquellos que presentan comorbilidad (de 5 a 11 a\u00f1os).<\/span><\/p>\n<p><span style=\"color: #000000;\">Adelant\u00f3 que este viernes 28 de enero llegar\u00e1 un segundo lote de Pfizer con 996 mil dosis del f\u00e1rmaco para la inmunizaci\u00f3n de los menores y se\u00f1al\u00f3 que se har\u00e1n las gestiones para tener m\u00e1s pronto las vacunas en el pa\u00eds.<\/span><\/p>\n<p><span style=\"color: #000000;\">\u00abLos dos primeros ingresos de los lotes ser\u00e1n para vacunar esta semana a todos los ni\u00f1os de 5 a 11 a\u00f1os con comorbilidad, para los ni\u00f1os de 10 a 11 a\u00f1os y, la pr\u00f3xima semana, lunes 31, estaremos iniciando con los ni\u00f1os de 9 a\u00f1os para arriba\u00bb, refiri\u00f3 en RPP.<\/span><\/p>\n<p><span style=\"color: #000000;\">Jim\u00e9nez inform\u00f3 que se est\u00e1n planteando distintas estrategias para ubicar a m\u00e1s ni\u00f1os, como revisar la lista nominal de pacientes con comorbilidades en los hospitales y solicitar informaci\u00f3n de \u00e9stos a los m\u00e9dicos tratantes.<\/span><\/p>\n<p><span style=\"color: #000000;\">La edad de los ni\u00f1os a vacunar ir\u00e1 bajando de uno a uno, a\u00f1adi\u00f3 la jefa de Inmunizaciones. \u00abLa meta es vacunar a un promedio de 40 mil ni\u00f1os al d\u00eda\u00bb, apunt\u00f3.<\/span><\/p>\n<p><span style=\"color: #000000;\">Dijo asimismo que se espera que la poblaci\u00f3n infantil acuda tambi\u00e9n a los VacunaFest que se desarrollar\u00e1n este s\u00e1bado 29 de enero, de 7 am a 9 pm, y el domingo 30 de 7 am a 7 pm. \u00abAcudan para no perder la oportunidad de mejorar las cifras en la semana\u00bb, demand\u00f3 a la ciudadan\u00eda.<\/span><\/p>\n<p><a href=\"https:\/\/elinformanteperu.com\/wp-content\/uploads\/2021\/12\/vacunacion-8.jpg\"><img fetchpriority=\"high\" decoding=\"async\" class=\"size-full wp-image-109756 aligncenter\" src=\"https:\/\/elinformanteperu.com\/wp-content\/uploads\/2021\/12\/vacunacion-8.jpg\" alt=\"\" width=\"1800\" height=\"1200\" srcset=\"https:\/\/elinformanteperu.com\/wp-content\/uploads\/2021\/12\/vacunacion-8.jpg 1800w, https:\/\/elinformanteperu.com\/wp-content\/uploads\/2021\/12\/vacunacion-8-300x200.jpg 300w, https:\/\/elinformanteperu.com\/wp-content\/uploads\/2021\/12\/vacunacion-8-1024x683.jpg 1024w, https:\/\/elinformanteperu.com\/wp-content\/uploads\/2021\/12\/vacunacion-8-768x512.jpg 768w, https:\/\/elinformanteperu.com\/wp-content\/uploads\/2021\/12\/vacunacion-8-1536x1024.jpg 1536w\" sizes=\"(max-width: 1800px) 100vw, 1800px\" \/><\/a><\/p>\n","protected":false},"excerpt":{"rendered":"<p>Este viernes llega segundo lote de dosis contra la covid-19 Lima, 24 Enero 2022, (ANDINA).- El pr\u00f3ximo lunes 31 de enero se dar\u00e1 inicio a la vacunaci\u00f3n contra la covid-19 de ni\u00f1os de 9 a\u00f1os a m\u00e1s, adelant\u00f3 la jefa de Inmunizaciones del Ministerio de Salud (Minsa), Gabriela Jim\u00e9nez. La funcionaria dijo confiar en el [&hellip;]<\/p>\n","protected":false},"author":1,"featured_media":107563,"comment_status":"closed","ping_status":"closed","sticky":false,"template":"","format":"standard","meta":{"rop_custom_images_group":[],"rop_custom_messages_group":[],"rop_publish_now":"initial","rop_publish_now_accounts":[],"rop_publish_now_history":[],"rop_publish_now_status":"pending","footnotes":""},"categories":[10],"tags":[6607,388,431,6918,6946],"class_list":["post-111065","post","type-post","status-publish","format-standard","has-post-thumbnail","hentry","category-actualidad-municipal","tag-covid-tercera-ola","tag-ministerio-de-salud","tag-minsa","tag-omicron","tag-variante-omicron"],"_links":{"self":[{"href":"https:\/\/elinformanteperu.com\/index.php\/wp-json\/wp\/v2\/posts\/111065","targetHints":{"allow":["GET"]}}],"collection":[{"href":"https:\/\/elinformanteperu.com\/index.php\/wp-json\/wp\/v2\/posts"}],"about":[{"href":"https:\/\/elinformanteperu.com\/index.php\/wp-json\/wp\/v2\/types\/post"}],"author":[{"embeddable":true,"href":"https:\/\/elinformanteperu.com\/index.php\/wp-json\/wp\/v2\/users\/1"}],"replies":[{"embeddable":true,"href":"https:\/\/elinformanteperu.com\/index.php\/wp-json\/wp\/v2\/comments?post=111065"}],"version-history":[{"count":1,"href":"https:\/\/elinformanteperu.com\/index.php\/wp-json\/wp\/v2\/posts\/111065\/revisions"}],"predecessor-version":[{"id":111066,"href":"https:\/\/elinformanteperu.com\/index.php\/wp-json\/wp\/v2\/posts\/111065\/revisions\/111066"}],"wp:featuredmedia":[{"embeddable":true,"href":"https:\/\/elinformanteperu.com\/index.php\/wp-json\/wp\/v2\/media\/107563"}],"wp:attachment":[{"href":"https:\/\/elinformanteperu.com\/index.php\/wp-json\/wp\/v2\/media?parent=111065"}],"wp:term":[{"taxonomy":"category","embeddable":true,"href":"https:\/\/elinformanteperu.com\/index.php\/wp-json\/wp\/v2\/categories?post=111065"},{"taxonomy":"post_tag","embeddable":true,"href":"https:\/\/elinformanteperu.com\/index.php\/wp-json\/wp\/v2\/tags?post=111065"}],"curies":[{"name":"wp","href":"https:\/\/api.w.org\/{rel}","templated":true}]}}