{"id":111055,"date":"2022-01-24T22:54:53","date_gmt":"2022-01-25T03:54:53","guid":{"rendered":"https:\/\/elinformanteperu.com\/?p=111055"},"modified":"2022-01-24T23:40:04","modified_gmt":"2022-01-25T04:40:04","slug":"cajamarca-cientos-de-personas-donan-cabello-para-limpiar-el-derrame-de-petroleo","status":"publish","type":"post","link":"https:\/\/elinformanteperu.com\/index.php\/2022\/01\/24\/cajamarca-cientos-de-personas-donan-cabello-para-limpiar-el-derrame-de-petroleo\/","title":{"rendered":"Cajamarca: cientos de personas donan cabello para limpiar el derrame de petr\u00f3leo"},"content":{"rendered":"<p><strong><span style=\"color: #000000;\">Representantes de peluquer\u00edas brindaron sus servicios \u00abad honorem\u00bb<\/span><\/strong><\/p>\n<p><span style=\"color: #000000;\"><strong>Cajamarca, 24 Enero 2022, (ANDINA).<\/strong>&#8211; M\u00e1s de 700 personas \u201480 % mujeres\u2014 donaron su cabello para contribuir con la remediaci\u00f3n del derrame de petr\u00f3leo en el mar de Ventanilla, una iniciativa de la municipalidad provincial de Cajamarca que en las pr\u00f3ximas horas enviar\u00e1 lo recolectado a una organizaci\u00f3n protectora del medio ambiente en Lima.<\/span><\/p>\n<p><span style=\"color: #000000;\">La cruzada se desarroll\u00f3 en la v\u00edspera en la plaza de Armas de la ciudad y participaron trabajadores del municipio y representantes de peluquer\u00edas que brindaron sus servicios ad honorem para cortar el cabello respetando los protocolos sanitarios, sostuvo el regidor Henry Alc\u00e1ntara Salazar, al agradecer la respuesta de la poblaci\u00f3n.<\/span><\/p>\n<p><span style=\"color: #000000;\">En declaraciones a la Agencia Andina, se\u00f1al\u00f3 que ma\u00f1ana mi\u00e9rcoles habr\u00e1 una jornada similar con los trabajadores de la comuna que recorrer\u00e1n las peluquer\u00edas de la ciudad para recolectar m\u00e1s cabello. \u201cSi bien no va a contrarrestar al 100 % como otras alternativas de remediaci\u00f3n, va a ayudar\u201d.<\/span><\/p>\n<p><span style=\"color: #000000;\">El regidor tambi\u00e9n se desempe\u00f1a como docente universitario en Derecho Ambiental y dijo que plante\u00f3 esta iniciativa de recolectar cabello para la limpieza del litoral al municipio. \u201cLlevo a\u00f1os dictando este curso, s\u00e9 el impacto que puede ocasionar una situaci\u00f3n como esta y la responsabilidad de la empresa\u201d.<\/span><\/p>\n<p><span style=\"color: #000000;\">Coment\u00f3 que es un caso complicado porque son miles de barriles de crudo, un impacto que tardar\u00e1 varios a\u00f1os en remediarse, perjudicando la flora y fauna. \u201cPreocupa este caso porque se trata de una empresa de envergadura, una empresa grande y seria que, al parecer, no ha tenido un plan de contingencia\u201d, indic\u00f3.<\/span><\/p>\n<p><span style=\"color: #000000;\">Al destacar la contribuci\u00f3n de organizaciones de Cajamarca que se han sumado a la recolecci\u00f3n de cabello, Alc\u00e1ntara asegur\u00f3 que la municipalidad continuar\u00e1 con esta cruzada.<\/span><\/p>\n<p><a href=\"https:\/\/elinformanteperu.com\/wp-content\/uploads\/2022\/01\/cajamarca-corte-cabello-petroleo1.jpg\"><img fetchpriority=\"high\" decoding=\"async\" class=\"size-full wp-image-111057 aligncenter\" src=\"https:\/\/elinformanteperu.com\/wp-content\/uploads\/2022\/01\/cajamarca-corte-cabello-petroleo1.jpg\" alt=\"\" width=\"1800\" height=\"1200\" srcset=\"https:\/\/elinformanteperu.com\/wp-content\/uploads\/2022\/01\/cajamarca-corte-cabello-petroleo1.jpg 1800w, https:\/\/elinformanteperu.com\/wp-content\/uploads\/2022\/01\/cajamarca-corte-cabello-petroleo1-300x200.jpg 300w, https:\/\/elinformanteperu.com\/wp-content\/uploads\/2022\/01\/cajamarca-corte-cabello-petroleo1-1024x683.jpg 1024w, https:\/\/elinformanteperu.com\/wp-content\/uploads\/2022\/01\/cajamarca-corte-cabello-petroleo1-768x512.jpg 768w, https:\/\/elinformanteperu.com\/wp-content\/uploads\/2022\/01\/cajamarca-corte-cabello-petroleo1-1536x1024.jpg 1536w\" sizes=\"(max-width: 1800px) 100vw, 1800px\" \/><\/a><\/p>\n","protected":false},"excerpt":{"rendered":"<p>Representantes de peluquer\u00edas brindaron sus servicios \u00abad honorem\u00bb Cajamarca, 24 Enero 2022, (ANDINA).&#8211; M\u00e1s de 700 personas \u201480 % mujeres\u2014 donaron su cabello para contribuir con la remediaci\u00f3n del derrame de petr\u00f3leo en el mar de Ventanilla, una iniciativa de la municipalidad provincial de Cajamarca que en las pr\u00f3ximas horas enviar\u00e1 lo recolectado a una [&hellip;]<\/p>\n","protected":false},"author":1,"featured_media":111056,"comment_status":"closed","ping_status":"closed","sticky":false,"template":"","format":"standard","meta":{"rop_custom_images_group":[],"rop_custom_messages_group":[],"rop_publish_now":"initial","rop_publish_now_accounts":[],"rop_publish_now_history":[],"rop_publish_now_status":"pending","footnotes":""},"categories":[10,5745],"tags":[978,6998,4642],"class_list":["post-111055","post","type-post","status-publish","format-standard","has-post-thumbnail","hentry","category-actualidad-municipal","category-lo-ultimo","tag-cajamarca","tag-petroleo-derrame","tag-ventanilla"],"_links":{"self":[{"href":"https:\/\/elinformanteperu.com\/index.php\/wp-json\/wp\/v2\/posts\/111055","targetHints":{"allow":["GET"]}}],"collection":[{"href":"https:\/\/elinformanteperu.com\/index.php\/wp-json\/wp\/v2\/posts"}],"about":[{"href":"https:\/\/elinformanteperu.com\/index.php\/wp-json\/wp\/v2\/types\/post"}],"author":[{"embeddable":true,"href":"https:\/\/elinformanteperu.com\/index.php\/wp-json\/wp\/v2\/users\/1"}],"replies":[{"embeddable":true,"href":"https:\/\/elinformanteperu.com\/index.php\/wp-json\/wp\/v2\/comments?post=111055"}],"version-history":[{"count":1,"href":"https:\/\/elinformanteperu.com\/index.php\/wp-json\/wp\/v2\/posts\/111055\/revisions"}],"predecessor-version":[{"id":111058,"href":"https:\/\/elinformanteperu.com\/index.php\/wp-json\/wp\/v2\/posts\/111055\/revisions\/111058"}],"wp:featuredmedia":[{"embeddable":true,"href":"https:\/\/elinformanteperu.com\/index.php\/wp-json\/wp\/v2\/media\/111056"}],"wp:attachment":[{"href":"https:\/\/elinformanteperu.com\/index.php\/wp-json\/wp\/v2\/media?parent=111055"}],"wp:term":[{"taxonomy":"category","embeddable":true,"href":"https:\/\/elinformanteperu.com\/index.php\/wp-json\/wp\/v2\/categories?post=111055"},{"taxonomy":"post_tag","embeddable":true,"href":"https:\/\/elinformanteperu.com\/index.php\/wp-json\/wp\/v2\/tags?post=111055"}],"curies":[{"name":"wp","href":"https:\/\/api.w.org\/{rel}","templated":true}]}}