{"id":110987,"date":"2022-01-23T14:26:19","date_gmt":"2022-01-23T19:26:19","guid":{"rendered":"https:\/\/elinformanteperu.com\/?p=110987"},"modified":"2022-01-23T14:26:19","modified_gmt":"2022-01-23T19:26:19","slug":"tercera-ola-quienes-deben-pasar-con-prioridad-por-la-prueba-de-descarte-2","status":"publish","type":"post","link":"https:\/\/elinformanteperu.com\/index.php\/2022\/01\/23\/tercera-ola-quienes-deben-pasar-con-prioridad-por-la-prueba-de-descarte-2\/","title":{"rendered":"Tercera ola: \u00bfqui\u00e9nes deben pasar con prioridad por la prueba de descarte?"},"content":{"rendered":"<p><strong><span style=\"color: #000000;\">Jefe del INS asegura no hay escasez de pruebas covid-19<\/span><\/strong><\/p>\n<p><span style=\"color: #000000;\"><strong>Lima, 23 Enero 2022, (ANDINA).<\/strong>&#8211; El incremento de casos por la presencia de la variante \u00f3micron ha elevado el n\u00famero de personas que busca someterse a una prueba molecular o ant\u00edgena para descartar la presencia de la covid-19. Frente a ello, el Ministerio de Salud ha se\u00f1alado que es necesario hacer un uso eficiente de dichas pruebas para evitar una futura escasez. Pero \u00bfqui\u00e9nes entonces deben pasar con prioridad por estos test?<\/span><\/p>\n<p><span style=\"color: #000000;\">De acuerdo con V\u00edctor Su\u00e1rez, director del Instituto Nacional de Salud (INS), del Minsa, tienen prioridad para las pruebas de ant\u00edgeno o molecular aquellos cuya salud f\u00edsica est\u00e1 deteriorada, presentan comorbilidad o superan los 60 a\u00f1os de edad.<\/span><\/p>\n<p><span style=\"color: #000000;\">\u201cLas personas que deber\u00edan ser diagnosticadas con prioridad son aquellas que tienen un factor de riesgo que los hace vulnerables a desarrollar una enfermedad grave o severa, quienes son mayores de 60 a\u00f1os, o aquellas que tienen una comorbilidad, como diabetes, hipertensi\u00f3n u otra enfermedad\u201d, detall\u00f3 Su\u00e1rez en entrevista con Andina al D\u00eda.<\/span><\/p>\n<p><span style=\"color: #000000;\">Tambi\u00e9n deben pasar el tamizaje con prioridad aquellas personas que hacen trabajo presencial y necesitan una prueba que certifique su estado de salud, para as\u00ed obtener el descanso m\u00e9dico correspondiente. O en su defecto, quienes realizan trabajo remoto pero demandan una licencia m\u00e9dica para recuperarse completamente de la infecci\u00f3n.<\/span><\/p>\n<p><span style=\"color: #000000;\">Su\u00e1rez se\u00f1al\u00f3 que la incidencia de contagio por covid-19 es tan alta actualmente que, sintom\u00e1ticos y asintom\u00e1ticos, deben tomar todas las medidas de aislamiento de la familia y de los compa\u00f1eros de trabajo para que evitar que el virus se siga diseminando.<\/span><\/p>\n<p><strong><span style=\"color: #000000;\">\u00bfSi tengo s\u00edntomas, qu\u00e9 prueba busco?<\/span><\/strong><\/p>\n<p><span style=\"color: #000000;\">Si se tienen s\u00edntomas como tos, fiebre o malestar general, la mejor opci\u00f3n es usar la prueba de ant\u00edgeno. Si no se tiene s\u00edntomas, pero ha sido contacto de una persona que s\u00ed tiene covid-19, debe optarse por la prueba molecular.<\/span><\/p>\n<p><span style=\"color: #000000;\">\u201cRecientemente, la Organizaci\u00f3n Panamericana de la Salud (OPS) ha emitido un pronunciamiento, sobre el uso racional de las pruebas, porque la capacidad de los laboratorios se ha visto sobrepasada en todo el mundo. Por esta raz\u00f3n, recomendaron priorizar la prueba diagn\u00f3stica en quienes tienen mayor riesgo de hacer enfermedad severa, como son las personas mayores de 60 a\u00f1os o con comorbilidad, como hipertensi\u00f3n diabetes u otras\u201d.<\/span><\/p>\n<p><span style=\"color: #000000;\">Detall\u00f3 que tanto las pruebas antig\u00e9nicas como las moleculares son v\u00e1lidas para establecer si una persona tiene o no tiene el covid-19. Por tanto, el resultado positivo de cualquiera debe ser aceptado como una evidencia de que una persona tiene la infecci\u00f3n.<\/span><\/p>\n<p><span style=\"color: #000000;\">\u201cLa prueba molecular es la que detecta el material gen\u00e9tico del virus, mientras que la antig\u00e9nica detecta una de las prote\u00ednas del virus. Definitivamente hay unas diferencias en la oportunidad de usar una u otra.<\/span><\/p>\n<p><strong><span style=\"color: #000000;\">30% de infectados en el INS<\/span><\/strong><\/p>\n<p><span style=\"color: #000000;\">V\u00edctor Su\u00e1rez reconoci\u00f3 que ha habido una demora en el procesamiento de las pruebas de descarte, sobre todo, moleculares, debido a dos razones: la demanda exorbitante de pruebas y porque muchos de los especialistas tambi\u00e9n han sido infectados por el nuevo coronavirus.<\/span><\/p>\n<p><span style=\"color: #000000;\">\u201cA igual que la poblaci\u00f3n, nosotros tambi\u00e9n hemos tenido afectaci\u00f3n. Nuestro personal de laboratorio especializado en el diagn\u00f3stico del covid-19 ha sido mermado en m\u00e1s o menos un 30%\u201d.<\/span><\/p>\n<p><span style=\"color: #000000;\">Ante eso, inform\u00f3 que se ha movilizado a personal de otras entidades para cubrir esas brechas de especialistas.<\/span><\/p>\n<p><span style=\"color: #000000;\">\u201cHoy mismos llegar\u00e1n 40 personas a sumar nuestro laboratorio. Hemos aumentado el n\u00famero de digitadores, el n\u00famero de ambientes destinados al procesamiento. Gracias a la colaboraci\u00f3n de Sisol contamos con tres m\u00f3dulos nuevos en los cuales estamos implementado el equipamiento necesario\u201d.<\/span><\/p>\n<p><span style=\"color: #000000;\">El jefe del INS refiri\u00f3 que, en diciembre, cuando estaban haciendo b\u00fasqueda de casos positivos de covid-19, se lleg\u00f3 a realizar 9,000 pruebas moleculares diarias a nivel nacional y que cuando lleg\u00f3 la epidemia de \u00f3micron su capacidad de procesamiento subi\u00f3 a 20, 000 pruebas diarias y esperan llegar a las 30, 000 pruebas en los siguientes d\u00edas.<\/span><\/p>\n<p><strong><span style=\"color: #000000;\">No hay escasez<\/span><\/strong><\/p>\n<p><span style=\"color: #000000;\">El especialista indic\u00f3 que en este momento se tiene un mill\u00f3n 700 mil pruebas moleculares disponibles en stock y que dentro de poco solicitar\u00e1n la compra de otro mill\u00f3n de pruebas.<\/span><\/p>\n<p><span style=\"color: #000000;\">\u201cEn lo que se refiere a pruebas antig\u00e9nicas, en este momento tenemos m\u00e1s de siete millones de pruebas disponibles para atender a la poblaci\u00f3n. Esperamos que no haya escasez y por eso apelamos al uso racional de estas pruebas en aquellas personas que tienen prioridad en su detecci\u00f3n, diagn\u00f3stico y seguimiento de la infecci\u00f3n\u201d, manifest\u00f3.<\/span><\/p>\n","protected":false},"excerpt":{"rendered":"<p>Jefe del INS asegura no hay escasez de pruebas covid-19 Lima, 23 Enero 2022, (ANDINA).&#8211; El incremento de casos por la presencia de la variante \u00f3micron ha elevado el n\u00famero de personas que busca someterse a una prueba molecular o ant\u00edgena para descartar la presencia de la covid-19. Frente a ello, el Ministerio de Salud [&hellip;]<\/p>\n","protected":false},"author":1,"featured_media":110988,"comment_status":"closed","ping_status":"closed","sticky":false,"template":"","format":"standard","meta":{"rop_custom_images_group":[],"rop_custom_messages_group":[],"rop_publish_now":"initial","rop_publish_now_accounts":[],"rop_publish_now_history":[],"rop_publish_now_status":"pending","footnotes":""},"categories":[10],"tags":[3278,1046,5939],"class_list":["post-110987","post","type-post","status-publish","format-standard","has-post-thumbnail","hentry","category-actualidad-municipal","tag-ins","tag-instituto-nacional-de-salud","tag-vacunacion"],"_links":{"self":[{"href":"https:\/\/elinformanteperu.com\/index.php\/wp-json\/wp\/v2\/posts\/110987","targetHints":{"allow":["GET"]}}],"collection":[{"href":"https:\/\/elinformanteperu.com\/index.php\/wp-json\/wp\/v2\/posts"}],"about":[{"href":"https:\/\/elinformanteperu.com\/index.php\/wp-json\/wp\/v2\/types\/post"}],"author":[{"embeddable":true,"href":"https:\/\/elinformanteperu.com\/index.php\/wp-json\/wp\/v2\/users\/1"}],"replies":[{"embeddable":true,"href":"https:\/\/elinformanteperu.com\/index.php\/wp-json\/wp\/v2\/comments?post=110987"}],"version-history":[{"count":1,"href":"https:\/\/elinformanteperu.com\/index.php\/wp-json\/wp\/v2\/posts\/110987\/revisions"}],"predecessor-version":[{"id":110989,"href":"https:\/\/elinformanteperu.com\/index.php\/wp-json\/wp\/v2\/posts\/110987\/revisions\/110989"}],"wp:featuredmedia":[{"embeddable":true,"href":"https:\/\/elinformanteperu.com\/index.php\/wp-json\/wp\/v2\/media\/110988"}],"wp:attachment":[{"href":"https:\/\/elinformanteperu.com\/index.php\/wp-json\/wp\/v2\/media?parent=110987"}],"wp:term":[{"taxonomy":"category","embeddable":true,"href":"https:\/\/elinformanteperu.com\/index.php\/wp-json\/wp\/v2\/categories?post=110987"},{"taxonomy":"post_tag","embeddable":true,"href":"https:\/\/elinformanteperu.com\/index.php\/wp-json\/wp\/v2\/tags?post=110987"}],"curies":[{"name":"wp","href":"https:\/\/api.w.org\/{rel}","templated":true}]}}