{"id":110945,"date":"2022-01-22T00:12:25","date_gmt":"2022-01-22T05:12:25","guid":{"rendered":"https:\/\/elinformanteperu.com\/?p=110945"},"modified":"2022-01-22T00:12:25","modified_gmt":"2022-01-22T05:12:25","slug":"el-callejon-de-las-almas-perdidas-cinco-datos-antes-de-su-estreno","status":"publish","type":"post","link":"https:\/\/elinformanteperu.com\/index.php\/2022\/01\/22\/el-callejon-de-las-almas-perdidas-cinco-datos-antes-de-su-estreno\/","title":{"rendered":"El callej\u00f3n de las almas perdidas: cinco datos antes de su estreno"},"content":{"rendered":"<p><span style=\"color: #000000;\"><strong>Lima, 21 Enero 2022, (El Informante Per\u00fa).-<\/strong> El 27 de enero llega a salas de cine disponibles del pa\u00eds una de las historias m\u00e1s fascinantes de los \u00faltimos tiempos: El callej\u00f3n de las almas perdidas. Dirigido por el reconocido cineasta mexicano Guillermo del Toro, el film explora el singular mundo de las ferias ambulantes de los a\u00f1os cuarenta, a trav\u00e9s de un relato centrado en Stanton Carlisle (Bradley Cooper), un hombre carism\u00e1tico pero desafortunado que se gana el cari\u00f1o de una vidente (Toni Collette) y su esposo, ex mentalista (David Strathairn). Usando los conocimientos que adquiere junto a ellos, y con el apoyo incondicional de una virtuosa artista de la feria (Rooney Mara), Carlisle alcanza gran \u00e9xito enga\u00f1ando a la \u00e9lite adinerada de la sociedad neoyorquina del momento, para luego ir tras el objetivo m\u00e1s grande de todos: estafar a un peligroso magnate (Richard Jenkins) con la ayuda de una misteriosa psiquiatra (Cate Blanchett).<\/span><\/p>\n<p><span style=\"color: #000000;\">Aqu\u00ed cinco datos sobre la nueva pel\u00edcula del ganador del premio \u00d3scar, Guillermo del Toro, antes de sentarse en la sala de cine.<\/span><\/p>\n<p><strong><span style=\"color: #000000;\">El proyecto llev\u00f3 a Del Toro a incursionar en nuevo terreno art\u00edstico<\/span><\/strong><\/p>\n<p><a href=\"https:\/\/elinformanteperu.com\/wp-content\/uploads\/2022\/01\/el-callejon-de-las-almas-perdidas-7.png\"><img fetchpriority=\"high\" decoding=\"async\" class=\"size-full wp-image-110946 aligncenter\" src=\"https:\/\/elinformanteperu.com\/wp-content\/uploads\/2022\/01\/el-callejon-de-las-almas-perdidas-7.png\" alt=\"\" width=\"456\" height=\"303\" srcset=\"https:\/\/elinformanteperu.com\/wp-content\/uploads\/2022\/01\/el-callejon-de-las-almas-perdidas-7.png 456w, https:\/\/elinformanteperu.com\/wp-content\/uploads\/2022\/01\/el-callejon-de-las-almas-perdidas-7-300x199.png 300w\" sizes=\"(max-width: 456px) 100vw, 456px\" \/><\/a><span style=\"color: #000000;\">\u201cMe interesaba much\u00edsimo hacer una historia sobre el destino y la humanidad. Stanton Carlisle es un hombre al que se le da todo para cambiar su vida. Tiene gente que cree en \u00e9l, que lo quiere y conf\u00eda en \u00e9l. Sin embargo, su ambici\u00f3n y su propia arrogancia son tan fuertes que lo apartan de todo eso\u201d, dice del Toro respecto del abordaje de la tem\u00e1tica de la pel\u00edcula.<\/span><\/p>\n<p><span style=\"color: #000000;\">El callej\u00f3n de las almas perdidas se aleja, sin embargo, de los elementos fant\u00e1sticos por los que es reconocido el cineasta, convirti\u00e9ndose en su pel\u00edcula m\u00e1s terrenal hasta el momento. \u201cGuillermo trae todas sus habilidades narrativas y maestr\u00eda en el dise\u00f1o a este territorio nuevo\u201d, explica el productor J. Miles Dale. Del Toro, en tanto, agrega que, con este film, conscientemente quer\u00eda llevar su estilo cinematogr\u00e1fico en una direcci\u00f3n nueva. \u201cEsta es la primera de mis pel\u00edculas que, si bien tiene una atm\u00f3sfera m\u00e1gica, no es afectada o estilizada. Est\u00e1 ambientada en una realidad reconocible e inmediata\u201d, se\u00f1ala.<\/span><\/p>\n<p><span style=\"color: #000000;\">La pel\u00edcula, adem\u00e1s, llev\u00f3 a del Toro a incursionar en el film noir, alej\u00e1ndose sin embargo de los elementos t\u00edpicos del g\u00e9nero. Si bien buscaba crear un trasfondo de oscura traici\u00f3n, tambi\u00e9n quer\u00eda evitar los motivos demasiado vistos del cine negro. En especial, quer\u00eda alejarse del aspecto no saturado, y opt\u00f3 por el uso de mucho color, si bien, simb\u00f3licamente, se vali\u00f3 de colores oscuros e intensos. Uno de los pocos gui\u00f1os a la est\u00e9tica del cine negro de la vieja escuela es el estilo pulido, lluvioso, que se dot\u00f3 a algunas escenas.<\/span><\/p>\n<p><strong><span style=\"color: #000000;\">La pel\u00edcula est\u00e1 basada en una novela de 1946<\/span><\/strong><\/p>\n<p><a href=\"https:\/\/elinformanteperu.com\/wp-content\/uploads\/2022\/01\/el-callejon-de-las-almas-perdidas-8.png\"><img decoding=\"async\" class=\"size-full wp-image-110947 aligncenter\" src=\"https:\/\/elinformanteperu.com\/wp-content\/uploads\/2022\/01\/el-callejon-de-las-almas-perdidas-8.png\" alt=\"\" width=\"472\" height=\"316\" srcset=\"https:\/\/elinformanteperu.com\/wp-content\/uploads\/2022\/01\/el-callejon-de-las-almas-perdidas-8.png 472w, https:\/\/elinformanteperu.com\/wp-content\/uploads\/2022\/01\/el-callejon-de-las-almas-perdidas-8-300x201.png 300w\" sizes=\"(max-width: 472px) 100vw, 472px\" \/><\/a><span style=\"color: #000000;\">El callej\u00f3n de las almas perdidas est\u00e1 basada en la novela de 1946 \u201cNightmare Alley\u201d, del escritor estadounidense William Lindsay Gresham. Como fan de la novela, del Toro no dud\u00f3 en trabajar en su adaptaci\u00f3n para la pantalla, abordando a trav\u00e9s de la pel\u00edcula las l\u00edneas difusas entre la ilusi\u00f3n y la realidad, la desesperaci\u00f3n y el control, el \u00e9xito y la tragedia.<\/span><\/p>\n<p><span style=\"color: #000000;\">El cineasta, incluso, explor\u00f3 m\u00e1s all\u00e1 de las p\u00e1ginas e investig\u00f3 la vida del autor, para descubrir que el perfil de Stanton Carlisle era en gran parte reflejo de la del propio Gresham. Cautivado de ni\u00f1o por los parques de atracciones de Coney Island, Gresham conserv\u00f3 toda su vida esa fascinaci\u00f3n. Mientras serv\u00eda en la guerra civil espa\u00f1ola, entabl\u00f3 amistad con otro soldado que le cont\u00f3 toda clase de historias extra\u00f1as y escabrosas de su paso por las ferias de atracciones ambulantes, incluido el n\u00famero del \u201cmonstruo\u201d (el geek act). Tras pasar un tiempo trabajando en la edici\u00f3n de revistas de cr\u00edmenes, Gresham hizo su debut como novelista con \u201cNightmare Alley\u201d.<\/span><\/p>\n<p><strong><span style=\"color: #000000;\">Transcurre en una feria \u00edntegramente construida para el film<\/span><\/strong><\/p>\n<p><a href=\"https:\/\/elinformanteperu.com\/wp-content\/uploads\/2022\/01\/el-callejon-de-las-almas-perdidas-9.png\"><img decoding=\"async\" class=\"size-full wp-image-110948 aligncenter\" src=\"https:\/\/elinformanteperu.com\/wp-content\/uploads\/2022\/01\/el-callejon-de-las-almas-perdidas-9.png\" alt=\"\" width=\"416\" height=\"278\" srcset=\"https:\/\/elinformanteperu.com\/wp-content\/uploads\/2022\/01\/el-callejon-de-las-almas-perdidas-9.png 416w, https:\/\/elinformanteperu.com\/wp-content\/uploads\/2022\/01\/el-callejon-de-las-almas-perdidas-9-300x200.png 300w\" sizes=\"(max-width: 416px) 100vw, 416px\" \/><\/a><span style=\"color: #000000;\">Para contar la historia del fascinante mundo de las ferias ambulantes de mediados del siglo XX, el equipo creativo dise\u00f1\u00f3 un set real, \u00edntegramente construido para el film en un gran predio ferial vac\u00edo de la ciudad de Toronto, Canad\u00e1.<\/span><\/p>\n<p><span style=\"color: #000000;\">Bajo el liderazgo de la dise\u00f1adora de producci\u00f3n Tamara Deverell, el equipo dio vida a un submundo de atracciones mec\u00e1nicas cl\u00e1sicas que incluye una aut\u00e9ntica rueda de la fortuna, un carrusel, una casa de la risa con la tem\u00e1tica del cielo y el infierno, as\u00ed como un animado despliegue de escenarios para los distintos n\u00fameros y carpas con anuncios de las principales atracciones de la feria.<\/span><\/p>\n<p><span style=\"color: #000000;\">Para lograr que todo se viera completamente aut\u00e9ntico, el equipo investig\u00f3 exhaustivamente el mundo de las ferias de esa \u00e9poca, uniendo fuerzas con compa\u00f1\u00edas expertas como Armbruster Manufacturing, el fabricante de tiendas circenses m\u00e1s antiguo de los Estados Unidos.<\/span><\/p>\n<p><span style=\"color: #000000;\">En total, se crearon cuatro versiones diferentes de la feria principal, as\u00ed como tambi\u00e9n una \u00faltima feria a\u00fan m\u00e1s oscura y sucia para la abrumadora escena final de la pel\u00edcula.<\/span><\/p>\n<p><strong><span style=\"color: #000000;\">El dream team de Del Toro est\u00e1 presente detr\u00e1s de c\u00e1mara<\/span><\/strong><\/p>\n<p><a href=\"https:\/\/elinformanteperu.com\/wp-content\/uploads\/2022\/01\/el-callejon-de-las-almas-perdidas-10.png\"><img loading=\"lazy\" decoding=\"async\" class=\"size-full wp-image-110949 aligncenter\" src=\"https:\/\/elinformanteperu.com\/wp-content\/uploads\/2022\/01\/el-callejon-de-las-almas-perdidas-10.png\" alt=\"\" width=\"447\" height=\"289\" srcset=\"https:\/\/elinformanteperu.com\/wp-content\/uploads\/2022\/01\/el-callejon-de-las-almas-perdidas-10.png 447w, https:\/\/elinformanteperu.com\/wp-content\/uploads\/2022\/01\/el-callejon-de-las-almas-perdidas-10-300x194.png 300w\" sizes=\"(max-width: 447px) 100vw, 447px\" \/><\/a><span style=\"color: #000000;\">La nueva pel\u00edcula lleva el sello de los colaboradores de larga data de del Toro, quienes unen fuerzas con el director para dar vida a su visi\u00f3n. Adem\u00e1s de Tamara Deverell, forman parte del proyecto el director de fotograf\u00eda Dan Laustsen, el dise\u00f1ador de vestuario Luis Sequeira y el editor Cameron McLauchlin. Lausten, de origen dan\u00e9s, se destaca por su trabajo en la pel\u00edcula de 2017 de del Toro, La forma del agua, por la que obtuvo una nominaci\u00f3n al premio \u00d3scar. El canadiense Luis Sequeira, en tanto, colabor\u00f3 extensamente con el director y obtuvo un premio \u00d3scar al Mejor Dise\u00f1o de vestuario por La forma del agua. McLauchlin, por su parte, integr\u00f3 el equipo de edici\u00f3n de La forma del agua.<\/span><\/p>\n<p><span style=\"color: #000000;\">\u00bfUn dato extra? Del Toro convoc\u00f3 para esta pel\u00edcula al escultor Mike Hill, quien dise\u00f1\u00f3 el ic\u00f3nico hombre anfibio de La forma del agua y, en esta oportunidad, cre\u00f3 las impactantes pr\u00f3tesis para los peculiares miembros de la feria donde desembarca Carlisle.<\/span><\/p>\n<p><strong><span style=\"color: #000000;\">La historia explora temas universales y atemporales<\/span><\/strong><\/p>\n<p><a href=\"https:\/\/elinformanteperu.com\/wp-content\/uploads\/2021\/11\/el-callejon-de-las-almas-perdidas.jpg\"><img loading=\"lazy\" decoding=\"async\" class=\"size-full wp-image-108453 aligncenter\" src=\"https:\/\/elinformanteperu.com\/wp-content\/uploads\/2021\/11\/el-callejon-de-las-almas-perdidas.jpg\" alt=\"\" width=\"322\" height=\"266\" srcset=\"https:\/\/elinformanteperu.com\/wp-content\/uploads\/2021\/11\/el-callejon-de-las-almas-perdidas.jpg 322w, https:\/\/elinformanteperu.com\/wp-content\/uploads\/2021\/11\/el-callejon-de-las-almas-perdidas-300x248.jpg 300w\" sizes=\"(max-width: 322px) 100vw, 322px\" \/><\/a><span style=\"color: #000000;\">La nueva pel\u00edcula se centra en el intrigante mundo de las ferias ambulantes, pero es la historia de Stanton Carlisle la que ocupa el verdadero centro de la escena. Dentro de El callej\u00f3n de las almas perdidas, bullen capas de vicio, corrupci\u00f3n, lujuria, traici\u00f3n y absurdo c\u00f3smico que se desarrollan mientras Stanton aprende a sacar provecho de la necesidad humana de creer en algo fuera de s\u00ed mismo y del mundo.<\/span><\/p>\n<p><span style=\"color: #000000;\">La historia, adem\u00e1s, se presenta como una f\u00e1bula moral sobre el destino que viene a saldar cuentas, al tiempo que del Toro ve en el relato una historia aleccionadora sobre el lado oscuro del capitalismo norteamericano. En este sentido, concluye: \u201cCuando el p\u00fablico est\u00e1 involucrado en la historia de ascenso de una persona, su mayor temor es la ca\u00edda y esa ca\u00edda puede tener una carga emocional muy poderosa\u201d.<\/span><\/p>\n<p><span style=\"color: #000000;\">El callej\u00f3n de las almas perdidas se estrena el 27 de enero en salas de cine disponibles.<\/span><\/p>\n<p><iframe title=\"YouTube video player\" src=\"https:\/\/www.youtube-nocookie.com\/embed\/Mo-NAWxJuDI?controls=0\" width=\"520\" height=\"315\" frameborder=\"0\" allowfullscreen=\"allowfullscreen\"><\/iframe><\/p>\n","protected":false},"excerpt":{"rendered":"<p>Lima, 21 Enero 2022, (El Informante Per\u00fa).- El 27 de enero llega a salas de cine disponibles del pa\u00eds una de las historias m\u00e1s fascinantes de los \u00faltimos tiempos: El callej\u00f3n de las almas perdidas. Dirigido por el reconocido cineasta mexicano Guillermo del Toro, el film explora el singular mundo de las ferias ambulantes de [&hellip;]<\/p>\n","protected":false},"author":1,"featured_media":106541,"comment_status":"closed","ping_status":"closed","sticky":false,"template":"","format":"standard","meta":{"rop_custom_images_group":[],"rop_custom_messages_group":[],"rop_publish_now":"initial","rop_publish_now_accounts":[],"rop_publish_now_history":[],"rop_publish_now_status":"pending","footnotes":""},"categories":[7],"tags":[2600,6835,2144],"class_list":["post-110945","post","type-post","status-publish","format-standard","has-post-thumbnail","hentry","category-butaca","tag-20th-century-fox","tag-el-callejon-de-las-almas-perdidas","tag-guillermo-del-toro"],"_links":{"self":[{"href":"https:\/\/elinformanteperu.com\/index.php\/wp-json\/wp\/v2\/posts\/110945","targetHints":{"allow":["GET"]}}],"collection":[{"href":"https:\/\/elinformanteperu.com\/index.php\/wp-json\/wp\/v2\/posts"}],"about":[{"href":"https:\/\/elinformanteperu.com\/index.php\/wp-json\/wp\/v2\/types\/post"}],"author":[{"embeddable":true,"href":"https:\/\/elinformanteperu.com\/index.php\/wp-json\/wp\/v2\/users\/1"}],"replies":[{"embeddable":true,"href":"https:\/\/elinformanteperu.com\/index.php\/wp-json\/wp\/v2\/comments?post=110945"}],"version-history":[{"count":1,"href":"https:\/\/elinformanteperu.com\/index.php\/wp-json\/wp\/v2\/posts\/110945\/revisions"}],"predecessor-version":[{"id":110950,"href":"https:\/\/elinformanteperu.com\/index.php\/wp-json\/wp\/v2\/posts\/110945\/revisions\/110950"}],"wp:featuredmedia":[{"embeddable":true,"href":"https:\/\/elinformanteperu.com\/index.php\/wp-json\/wp\/v2\/media\/106541"}],"wp:attachment":[{"href":"https:\/\/elinformanteperu.com\/index.php\/wp-json\/wp\/v2\/media?parent=110945"}],"wp:term":[{"taxonomy":"category","embeddable":true,"href":"https:\/\/elinformanteperu.com\/index.php\/wp-json\/wp\/v2\/categories?post=110945"},{"taxonomy":"post_tag","embeddable":true,"href":"https:\/\/elinformanteperu.com\/index.php\/wp-json\/wp\/v2\/tags?post=110945"}],"curies":[{"name":"wp","href":"https:\/\/api.w.org\/{rel}","templated":true}]}}