{"id":110943,"date":"2022-01-21T20:52:27","date_gmt":"2022-01-22T01:52:27","guid":{"rendered":"https:\/\/elinformanteperu.com\/?p=110943"},"modified":"2022-01-21T20:52:27","modified_gmt":"2022-01-22T01:52:27","slug":"universitario-confirma-la-salida-de-gregorio-perez-por-problemas-de-salud","status":"publish","type":"post","link":"https:\/\/elinformanteperu.com\/index.php\/2022\/01\/21\/universitario-confirma-la-salida-de-gregorio-perez-por-problemas-de-salud\/","title":{"rendered":"Universitario confirma la salida de Gregorio P\u00e9rez por problemas de salud"},"content":{"rendered":"<p><strong><span style=\"color: #000000;\">El DT interino ser\u00e1 Edgardo Adinolfi, informa administrador del club crema<\/span><\/strong><\/p>\n<p><span style=\"color: #000000;\"><strong>Lima, 21 Enero 2022, (ANDINA).-<\/strong> \u00a1Adi\u00f3s, Profe! El t\u00e9cnico uruguayo Gregorio P\u00e9rez dej\u00f3 de ser entrenador de Universitario de Deportes, debido a problemas con su salud, confirm\u00f3 esta tarde el administrador temporal del club crema, Jean Ferrari.<\/span><\/p>\n<p><span style=\"color: #000000;\">\u00abHabl\u00e9 con la familia del profesor Gregorio el mi\u00e9rcoles. Ellos, tras tener una conversaci\u00f3n directa con \u00e9l, nos comunicaron su decisi\u00f3n que, lamentablemente, es la de no continuar en el club\u00bb, explic\u00f3 Ferrari.<\/span><\/p>\n<p><span style=\"color: #000000;\">\u00abEs una noticia triste, pero nosotros tenemos que seguir avanzando, como lo venimos haciendo, porque el f\u00fatbol no para. Desde ya le agradecemos, lo vamos a tener siempre en nuestros corazones\u00bb, coment\u00f3.<\/span><\/p>\n<p><span style=\"color: #000000;\">Ante esta repentina salida, el asistente de P\u00e9rez, Edgardo Adinolfi, ser\u00e1 el encargado de dirigir los pr\u00f3ximos partidos de Universitario. Ferrari coment\u00f3 sobre la posibilidad de que \u00e9l se quede como t\u00e9cnico permanente.<\/span><\/p>\n<p><span style=\"color: #000000;\">\u00abNo se puede descartar nada. He tenido una conversaci\u00f3n con Edgardo y \u00e9l va a dirigir el equipo contra el Inter de Miami y contra el Aucas en la Noche Crema. El equipo a m\u00ed me entusiasma; los goles de hoy ante Boys son de un nivel futbol\u00edstico alto\u00bb, declar\u00f3.<\/span><\/p>\n<p><strong><span style=\"color: #000000;\">El futuro sin Gregorio<\/span><\/strong><\/p>\n<p><span style=\"color: #000000;\">Como mencion\u00f3 Ferrari durante la conferencia, Universitario tiene un calendario apretado en estos d\u00edas. En primer lugar, jugar\u00e1 un amistoso internacional ante el equipo de David Beckham: el Inter de Miami. El partido ser\u00e1 en Estados Unidos y est\u00e1 pactado para el mi\u00e9rcoles 26.<\/span><\/p>\n<p><span style=\"color: #000000;\">Despu\u00e9s, Universitario volver\u00e1 a Per\u00fa para su presentaci\u00f3n, el s\u00e1bado 29, cuando enfrenten al Aucas de Ecuador en la Noche Crema.<\/span><\/p>\n<p><span style=\"color: #000000;\">Ferrari anunci\u00f3 que el aforo del partido ser\u00e1 del 30 %. Adem\u00e1s, habr\u00e1 un fan fest como previa, a partir del mediod\u00eda y los precios ser\u00e1n iguales a los de la anterior edici\u00f3n que fue cancelada por pandemia.<\/span><\/p>\n<p><span style=\"color: #000000;\">Adem\u00e1s, mencion\u00f3 que los socios adherentes volver\u00e1n a tener preferencia para comprar entradas: podr\u00e1n hacerlo desde el martes 25 de enero, mientras que el p\u00fablico general podr\u00e1 acceder a ellas desde el jueves 27 de enero.<\/span><\/p>\n<p><strong><span style=\"color: #000000;\">Nacionalizaci\u00f3n de Quintero<\/span><\/strong><\/p>\n<p><span style=\"color: #000000;\">El administrador de Universitario tambi\u00e9n anunci\u00f3 que la nacionalizaci\u00f3n del extremo Alberto Quintero se encuentra en su etapa final. Dependiendo de los tiempos, gracias a este proceso podr\u00edan incorporar a un nuevo jugador extranjero, pero que la elecci\u00f3n depender\u00e1 del nuevo entrenador.<\/span><\/p>\n<p><span style=\"color: #000000;\">\u00abLa situaci\u00f3n de Quintero est\u00e1 yendo bastante bien. Vamos a esperar el inicio del torneo para ver si aguantamos a Quintero hasta que salga lo de su nacionalizaci\u00f3n. Su examen lo dar\u00e1 finalizando el mes y a partir de ah\u00ed es cuenta regresiva. Esto abre la posibilidad de que llegue un jugador m\u00e1s, pero depender\u00e1 del entrenador que llegue\u00bb, finaliz\u00f3.<\/span><\/p>\n<p><a href=\"https:\/\/elinformanteperu.com\/wp-content\/uploads\/2020\/06\/gregorio-perez-dt.jpg\"><img fetchpriority=\"high\" decoding=\"async\" class=\"size-full wp-image-74552 aligncenter\" src=\"https:\/\/elinformanteperu.com\/wp-content\/uploads\/2020\/06\/gregorio-perez-dt.jpg\" alt=\"\" width=\"1800\" height=\"1201\" srcset=\"https:\/\/elinformanteperu.com\/wp-content\/uploads\/2020\/06\/gregorio-perez-dt.jpg 1800w, https:\/\/elinformanteperu.com\/wp-content\/uploads\/2020\/06\/gregorio-perez-dt-300x200.jpg 300w, https:\/\/elinformanteperu.com\/wp-content\/uploads\/2020\/06\/gregorio-perez-dt-1024x683.jpg 1024w, https:\/\/elinformanteperu.com\/wp-content\/uploads\/2020\/06\/gregorio-perez-dt-768x512.jpg 768w, https:\/\/elinformanteperu.com\/wp-content\/uploads\/2020\/06\/gregorio-perez-dt-1536x1025.jpg 1536w\" sizes=\"(max-width: 1800px) 100vw, 1800px\" \/><\/a><\/p>\n","protected":false},"excerpt":{"rendered":"<p>El DT interino ser\u00e1 Edgardo Adinolfi, informa administrador del club crema Lima, 21 Enero 2022, (ANDINA).- \u00a1Adi\u00f3s, Profe! El t\u00e9cnico uruguayo Gregorio P\u00e9rez dej\u00f3 de ser entrenador de Universitario de Deportes, debido a problemas con su salud, confirm\u00f3 esta tarde el administrador temporal del club crema, Jean Ferrari. \u00abHabl\u00e9 con la familia del profesor Gregorio [&hellip;]<\/p>\n","protected":false},"author":1,"featured_media":64731,"comment_status":"closed","ping_status":"closed","sticky":false,"template":"","format":"standard","meta":{"rop_custom_images_group":[],"rop_custom_messages_group":[],"rop_publish_now":"initial","rop_publish_now_accounts":[],"rop_publish_now_history":[],"rop_publish_now_status":"pending","footnotes":""},"categories":[8],"tags":[5088,4754,144],"class_list":["post-110943","post","type-post","status-publish","format-standard","has-post-thumbnail","hentry","category-disciplinas-deportivas","tag-gregorio-perez","tag-jean-ferrari","tag-universitario-de-deportes"],"_links":{"self":[{"href":"https:\/\/elinformanteperu.com\/index.php\/wp-json\/wp\/v2\/posts\/110943","targetHints":{"allow":["GET"]}}],"collection":[{"href":"https:\/\/elinformanteperu.com\/index.php\/wp-json\/wp\/v2\/posts"}],"about":[{"href":"https:\/\/elinformanteperu.com\/index.php\/wp-json\/wp\/v2\/types\/post"}],"author":[{"embeddable":true,"href":"https:\/\/elinformanteperu.com\/index.php\/wp-json\/wp\/v2\/users\/1"}],"replies":[{"embeddable":true,"href":"https:\/\/elinformanteperu.com\/index.php\/wp-json\/wp\/v2\/comments?post=110943"}],"version-history":[{"count":1,"href":"https:\/\/elinformanteperu.com\/index.php\/wp-json\/wp\/v2\/posts\/110943\/revisions"}],"predecessor-version":[{"id":110944,"href":"https:\/\/elinformanteperu.com\/index.php\/wp-json\/wp\/v2\/posts\/110943\/revisions\/110944"}],"wp:featuredmedia":[{"embeddable":true,"href":"https:\/\/elinformanteperu.com\/index.php\/wp-json\/wp\/v2\/media\/64731"}],"wp:attachment":[{"href":"https:\/\/elinformanteperu.com\/index.php\/wp-json\/wp\/v2\/media?parent=110943"}],"wp:term":[{"taxonomy":"category","embeddable":true,"href":"https:\/\/elinformanteperu.com\/index.php\/wp-json\/wp\/v2\/categories?post=110943"},{"taxonomy":"post_tag","embeddable":true,"href":"https:\/\/elinformanteperu.com\/index.php\/wp-json\/wp\/v2\/tags?post=110943"}],"curies":[{"name":"wp","href":"https:\/\/api.w.org\/{rel}","templated":true}]}}