{"id":110941,"date":"2022-01-21T20:45:07","date_gmt":"2022-01-22T01:45:07","guid":{"rendered":"https:\/\/elinformanteperu.com\/?p=110941"},"modified":"2022-01-21T20:45:07","modified_gmt":"2022-01-22T01:45:07","slug":"adfp-plantea-que-la-liga-1-se-juegue-con-20-equipos-desde-inicios-de-marzo","status":"publish","type":"post","link":"https:\/\/elinformanteperu.com\/index.php\/2022\/01\/21\/adfp-plantea-que-la-liga-1-se-juegue-con-20-equipos-desde-inicios-de-marzo\/","title":{"rendered":"ADFP plantea que la Liga 1 se juegue con 20 equipos desde inicios de marzo"},"content":{"rendered":"<p><strong><span style=\"color: #000000;\">El fallo del TAS est\u00e1 golpeando al f\u00fatbol y a los clubes y ahuyenta a las marcas, opina presidente de la asociaci\u00f3n<\/span><\/strong><\/p>\n<p><span style=\"color: #000000;\"><strong>Lima, 21 Enero 2022, (ANDINA).-<\/strong> Tras la resoluci\u00f3n del Tribunal Arbitral del Deporte (TAS) que modifica el descenso en la Liga 1, el presidente de la Asociaci\u00f3n Deportiva de F\u00fatbol Profesional (ADFP), \u00d3scar Romero, plante\u00f3 que el torneo local se dispute con 20 equipos desde inicios del mes de marzo.<\/span><\/p>\n<p><span style=\"color: #000000;\">\u201cSi la Federaci\u00f3n Peruana de F\u00fatbol (FPF) quiere zanjar el tema provocado por ellos mismos, su directorio deber\u00eda asumir la responsabilidad e indicar que, en esta oportunidad, no habr\u00e1 baja y que jueguen los 20 equipos y que el torneo arranque la primera semana de marzo. Al menos eso es lo que har\u00edamos como asociaci\u00f3n\u201d, declar\u00f3 Romero al portal Men\u00fa Deportivo.<\/span><\/p>\n<p><span style=\"color: #000000;\">El dirigente fundament\u00f3 esta propuesta bas\u00e1ndose en el estatuto de la asamblea de bases, donde se menciona que los equipos de primera profesional son 20.<\/span><\/p>\n<p><span style=\"color: #000000;\">\u201cEso f\u00e1cilmente justifica que yo no se tenga una baja y que haya 20 equipos, hasta estatutariamente tiene un respaldo y algo responsable ser\u00eda que el torneo se pueda empezar en marzo, teniendo en cuenta que los clubes San Mart\u00edn y Binacional no han hecho pretemporada\u201d, mencion\u00f3.<\/span><\/p>\n<p><strong><span style=\"color: #000000;\">Resoluci\u00f3n final<\/span><\/strong><\/p>\n<p><span style=\"color: #000000;\">El Tribunal de Arbitraje Deportivo fall\u00f3 este jueves sobre el reclamo de varios clubes peruanos con relaci\u00f3n al partido entre Cienciano y Cusco FC, que acab\u00f3 2-2 en cancha, aunque este \u00faltimo lo termin\u00f3 ganando en mesa por la supuesta mala inscripci\u00f3n de Math\u00edas Carpio en el cuadro rojo.<\/span><\/p>\n<p><span style=\"color: #000000;\">La apelaci\u00f3n de Binacional fue admitida por este organismo y, con ello, su retorno a la Liga 1 es un hecho. Sin embargo, se vive un escenario de incertidumbre en torno al descenso, donde San Mart\u00edn y Cusco FC est\u00e1n involucrados.<\/span><\/p>\n<p><span style=\"color: #000000;\">Romero sostuvo que este fallo del TAS est\u00e1 golpeando al f\u00fatbol y a los clubes. Todo este maltrato que se da ahuyenta a las marcas, a\u00f1adi\u00f3.<\/span><\/p>\n<p><span style=\"color: #000000;\">\u201cQu\u00e9 va a pasar con las marcas que auspician a un club como Cusco FC que jugar\u00eda la Liga 1 y ahora le dicen que jugar\u00e1 la Liga 2. Lo que ha ocurrido en el TAS demuestra que en la FPF se est\u00e1n manejando las cosas subjetivamente y no objetivamente. Ahora los clubes no solo se deben preocupar en contratar buenos jugadores y t\u00e9cnicos, sino tambi\u00e9n buenos abogados\u201d, coment\u00f3.<\/span><\/p>\n<p><span style=\"color: #000000;\">Romero tambi\u00e9n inform\u00f3 que, mediante comunicado, han pedido a la FPF devolverles la organizaci\u00f3n de la Liga 1.<\/span><\/p>\n<p><span style=\"color: #000000;\">Dijo que, de darse la posibilidad que la ADFP se haga cargo de la Liga 1, solo se encargar\u00edan de organizar el campeonato pero que pondr\u00edan a un tercero para que administre y que no tenga que ver con los clubes ni la asociaci\u00f3n; es decir, ser\u00eda un manejo a nivel empresarial.<\/span><\/p>\n<p><span style=\"color: #000000;\">Adelant\u00f3 que el 27 de enero se celebrar\u00e1 una asamblea de clubes y volver\u00e1n a tocar este tema.<\/span><\/p>\n<p><a href=\"https:\/\/elinformanteperu.com\/wp-content\/uploads\/2021\/03\/Liga-1-futbol.jpg\"><img fetchpriority=\"high\" decoding=\"async\" class=\"size-full wp-image-93960 aligncenter\" src=\"https:\/\/elinformanteperu.com\/wp-content\/uploads\/2021\/03\/Liga-1-futbol.jpg\" alt=\"\" width=\"1800\" height=\"1200\" srcset=\"https:\/\/elinformanteperu.com\/wp-content\/uploads\/2021\/03\/Liga-1-futbol.jpg 1800w, https:\/\/elinformanteperu.com\/wp-content\/uploads\/2021\/03\/Liga-1-futbol-300x200.jpg 300w, https:\/\/elinformanteperu.com\/wp-content\/uploads\/2021\/03\/Liga-1-futbol-1024x683.jpg 1024w, https:\/\/elinformanteperu.com\/wp-content\/uploads\/2021\/03\/Liga-1-futbol-768x512.jpg 768w, https:\/\/elinformanteperu.com\/wp-content\/uploads\/2021\/03\/Liga-1-futbol-1536x1024.jpg 1536w\" sizes=\"(max-width: 1800px) 100vw, 1800px\" \/><\/a><\/p>\n","protected":false},"excerpt":{"rendered":"<p>El fallo del TAS est\u00e1 golpeando al f\u00fatbol y a los clubes y ahuyenta a las marcas, opina presidente de la asociaci\u00f3n Lima, 21 Enero 2022, (ANDINA).- Tras la resoluci\u00f3n del Tribunal Arbitral del Deporte (TAS) que modifica el descenso en la Liga 1, el presidente de la Asociaci\u00f3n Deportiva de F\u00fatbol Profesional (ADFP), \u00d3scar [&hellip;]<\/p>\n","protected":false},"author":1,"featured_media":109642,"comment_status":"closed","ping_status":"closed","sticky":false,"template":"","format":"standard","meta":{"rop_custom_images_group":[],"rop_custom_messages_group":[],"rop_publish_now":"initial","rop_publish_now_accounts":[],"rop_publish_now_history":[],"rop_publish_now_status":"pending","footnotes":""},"categories":[8],"tags":[4021,1577],"class_list":["post-110941","post","type-post","status-publish","format-standard","has-post-thumbnail","hentry","category-disciplinas-deportivas","tag-liga-1","tag-tas"],"_links":{"self":[{"href":"https:\/\/elinformanteperu.com\/index.php\/wp-json\/wp\/v2\/posts\/110941","targetHints":{"allow":["GET"]}}],"collection":[{"href":"https:\/\/elinformanteperu.com\/index.php\/wp-json\/wp\/v2\/posts"}],"about":[{"href":"https:\/\/elinformanteperu.com\/index.php\/wp-json\/wp\/v2\/types\/post"}],"author":[{"embeddable":true,"href":"https:\/\/elinformanteperu.com\/index.php\/wp-json\/wp\/v2\/users\/1"}],"replies":[{"embeddable":true,"href":"https:\/\/elinformanteperu.com\/index.php\/wp-json\/wp\/v2\/comments?post=110941"}],"version-history":[{"count":1,"href":"https:\/\/elinformanteperu.com\/index.php\/wp-json\/wp\/v2\/posts\/110941\/revisions"}],"predecessor-version":[{"id":110942,"href":"https:\/\/elinformanteperu.com\/index.php\/wp-json\/wp\/v2\/posts\/110941\/revisions\/110942"}],"wp:featuredmedia":[{"embeddable":true,"href":"https:\/\/elinformanteperu.com\/index.php\/wp-json\/wp\/v2\/media\/109642"}],"wp:attachment":[{"href":"https:\/\/elinformanteperu.com\/index.php\/wp-json\/wp\/v2\/media?parent=110941"}],"wp:term":[{"taxonomy":"category","embeddable":true,"href":"https:\/\/elinformanteperu.com\/index.php\/wp-json\/wp\/v2\/categories?post=110941"},{"taxonomy":"post_tag","embeddable":true,"href":"https:\/\/elinformanteperu.com\/index.php\/wp-json\/wp\/v2\/tags?post=110941"}],"curies":[{"name":"wp","href":"https:\/\/api.w.org\/{rel}","templated":true}]}}