{"id":11093,"date":"2017-06-02T01:26:11","date_gmt":"2017-06-02T06:26:11","guid":{"rendered":"http:\/\/elinformanteperu.com\/?p=11093"},"modified":"2017-06-02T01:26:11","modified_gmt":"2017-06-02T06:26:11","slug":"proetica-pide-al-congreso-destituir-definitivamente-de-su-cargo-a-edgar-alarcon","status":"publish","type":"post","link":"https:\/\/elinformanteperu.com\/index.php\/2017\/06\/02\/proetica-pide-al-congreso-destituir-definitivamente-de-su-cargo-a-edgar-alarcon\/","title":{"rendered":"Pro\u00e9tica pide al Congreso destituir definitivamente de su cargo a Edgar Alarc\u00f3n"},"content":{"rendered":"<p><strong><span style=\"color: #000000;\">El director ejecutivo de Pro\u00e9tica, Walter Alb\u00e1n, asever\u00f3 que el Congreso debe destituir definitivamente de su cargo al contralor general de la Rep\u00fablica, Edgar Alarc\u00f3n.<\/span><\/strong><\/p>\n<p><span style=\"color: #000000;\"><strong>Lima, 01 Junio 2017, (ANDINA).-<\/strong> El director ejecutivo de Pro\u00e9tica, Walter Alb\u00e1n, asever\u00f3 que el Congreso debe destituir definitivamente de su cargo al contralor general de la Rep\u00fablica, Edgar Alarc\u00f3n, ya que su permanencia es insostenible e inaceptable tras las recientes denuncias en su contra.<\/span><\/p>\n<p><span style=\"color: #000000;\">Para el representante de Pro\u00e9tica, las denuncias en contra de Edgar Alarc\u00f3n, por presuntamente adquirir noventa autos en su periodo como vicecontralor y el pago irregular a la extrabajadora, Marcela Mej\u00eda, refuerzan la necesidad de destituirlo inmediatamente de la Controlar\u00eda General de la Rep\u00fablica, pieza central en el control de los bienes y recursos p\u00fablicos del pa\u00eds.<\/span><\/p>\n<p><span style=\"color: #000000;\">\u00abHubiera sido conveniente de que tomara por su propia iniciativa esta decisi\u00f3n; sin embargo, su postura es absolutamente contraria, en consecuencia, el Congreso de la Rep\u00fablica debe proceder y inhabilitarlo de sus funciones\u00bb, asegur\u00f3 Alb\u00e1n a la Agencia Andina.<\/span><\/p>\n<p><span style=\"color: #000000;\">A\u00f1adi\u00f3 que la situaci\u00f3n \u00e9tica de Alarc\u00f3n es insostenible e inaceptable por la responsabilidad de su puesto y respald\u00f3 la firmeza de la Comisi\u00f3n de Alto Nivel (CAN) en este caso.<\/span><\/p>\n<p><span style=\"color: #000000;\">\u00abEl presidente del consejo directivo de Pro\u00e9tica, Jorge medina, particip\u00f3 en la reuni\u00f3n y fue \u00e9l quien plante\u00f3 denegar el ingreso de Edgar Alarc\u00f3n a las sesiones de este espacio. Esto va m\u00e1s all\u00e1 de las investigaciones por los diferentes cargos que le han sido formulados\u00bb, culmin\u00f3.<\/span><\/p>\n<p><span style=\"color: #000000;\">Las denuncias contra Alarc\u00f3n generaron cuestionamientos de diversas organizaciones pol\u00edticas quienes demandaron retirar del cargo a este funcionario por la gravedad de las denuncias en su contra.<\/span><\/p>\n<p><span style=\"color: #000000;\">No obstante, el contralor subray\u00f3 que no renunciar\u00e1 a su cargo y que espera acudir al Parlamento para aclarar las denuncias en su contra.<\/span><\/p>\n","protected":false},"excerpt":{"rendered":"<p>El director ejecutivo de Pro\u00e9tica, Walter Alb\u00e1n, asever\u00f3 que el Congreso debe destituir definitivamente de su cargo al contralor general de la Rep\u00fablica, Edgar Alarc\u00f3n. Lima, 01 Junio 2017, (ANDINA).- El director ejecutivo de Pro\u00e9tica, Walter Alb\u00e1n, asever\u00f3 que el Congreso debe destituir definitivamente de su cargo al contralor general de la Rep\u00fablica, Edgar Alarc\u00f3n, [&hellip;]<\/p>\n","protected":false},"author":1,"featured_media":7097,"comment_status":"open","ping_status":"open","sticky":false,"template":"","format":"standard","meta":{"rop_custom_images_group":[],"rop_custom_messages_group":[],"rop_publish_now":"initial","rop_publish_now_accounts":[],"rop_publish_now_history":[],"rop_publish_now_status":"pending","footnotes":""},"categories":[5],"tags":[177,855,1205],"class_list":["post-11093","post","type-post","status-publish","format-standard","has-post-thumbnail","hentry","category-actualidad-informativa","tag-contraloria","tag-edgar-alarcon","tag-walter-alban"],"_links":{"self":[{"href":"https:\/\/elinformanteperu.com\/index.php\/wp-json\/wp\/v2\/posts\/11093","targetHints":{"allow":["GET"]}}],"collection":[{"href":"https:\/\/elinformanteperu.com\/index.php\/wp-json\/wp\/v2\/posts"}],"about":[{"href":"https:\/\/elinformanteperu.com\/index.php\/wp-json\/wp\/v2\/types\/post"}],"author":[{"embeddable":true,"href":"https:\/\/elinformanteperu.com\/index.php\/wp-json\/wp\/v2\/users\/1"}],"replies":[{"embeddable":true,"href":"https:\/\/elinformanteperu.com\/index.php\/wp-json\/wp\/v2\/comments?post=11093"}],"version-history":[{"count":1,"href":"https:\/\/elinformanteperu.com\/index.php\/wp-json\/wp\/v2\/posts\/11093\/revisions"}],"predecessor-version":[{"id":11094,"href":"https:\/\/elinformanteperu.com\/index.php\/wp-json\/wp\/v2\/posts\/11093\/revisions\/11094"}],"wp:featuredmedia":[{"embeddable":true,"href":"https:\/\/elinformanteperu.com\/index.php\/wp-json\/wp\/v2\/media\/7097"}],"wp:attachment":[{"href":"https:\/\/elinformanteperu.com\/index.php\/wp-json\/wp\/v2\/media?parent=11093"}],"wp:term":[{"taxonomy":"category","embeddable":true,"href":"https:\/\/elinformanteperu.com\/index.php\/wp-json\/wp\/v2\/categories?post=11093"},{"taxonomy":"post_tag","embeddable":true,"href":"https:\/\/elinformanteperu.com\/index.php\/wp-json\/wp\/v2\/tags?post=11093"}],"curies":[{"name":"wp","href":"https:\/\/api.w.org\/{rel}","templated":true}]}}