{"id":11084,"date":"2017-06-02T01:14:24","date_gmt":"2017-06-02T06:14:24","guid":{"rendered":"http:\/\/elinformanteperu.com\/?p=11084"},"modified":"2017-06-02T01:14:24","modified_gmt":"2017-06-02T06:14:24","slug":"luz-salgado-dice-que-no-se-ha-presentado-mocion-para-interpelar-a-ministra-garcia","status":"publish","type":"post","link":"https:\/\/elinformanteperu.com\/index.php\/2017\/06\/02\/luz-salgado-dice-que-no-se-ha-presentado-mocion-para-interpelar-a-ministra-garcia\/","title":{"rendered":"Luz Salgado dice que no se ha presentado moci\u00f3n para interpelar a ministra Garc\u00eda"},"content":{"rendered":"<p><strong><span style=\"color: #000000;\">La presidenta del Congreso, Luz Salgado, precis\u00f3 que a\u00fan no se ha presentado ninguna moci\u00f3n para interpelar a la ministra de Salud, Patricia Garc\u00eda.<\/span><\/strong><\/p>\n<p><span style=\"color: #000000;\"><strong>Piura, 01 Junio 2017, (ANDINA).-<\/strong> La presidenta del Congreso, Luz Salgado, precis\u00f3 que a\u00fan no se ha presentado ninguna moci\u00f3n para interpelar a la ministra de Salud, Patricia Garc\u00eda, para que responda sobre las acciones de lucha contra el dengue y la atenci\u00f3n en los hospitales del pa\u00eds.<\/span><\/p>\n<p><span style=\"color: #000000;\">Como se recuerda, fue la congresista Lourdes Alcorta quien mencion\u00f3 que, tras la presentaci\u00f3n del ministro del Interior, Carlos Basombr\u00edo, ante el Congreso, la titular de Salud ser\u00eda la siguiente en acudir al Parlamento para responder las consultas de los legisladores.<\/span><\/p>\n<p><span style=\"color: #000000;\">\u201cHe escuchado una o dos voces que hablan de interpelar (a la ministra Patricia Garc\u00eda), pero lo que s\u00e9 es que no se ha presentado nada en el Congreso de la Rep\u00fablica\u201d, manifest\u00f3 en declaraciones a la prensa.<\/span><\/p>\n<p><span style=\"color: #000000;\">La ministra Garc\u00eda anunci\u00f3 que, si se presentaba una moci\u00f3n de interpelaci\u00f3n, ella acudir\u00eda al Legislativo con la mejor disposici\u00f3n de responder a las preguntas de las bancadas, aunque record\u00f3 que en diversas oportunidades ha asistido a la Comisi\u00f3n de Salud.<\/span><\/p>\n<p><strong><span style=\"color: #000000;\">Reuni\u00f3n<\/span><\/strong><\/p>\n<p><span style=\"color: #000000;\">Salgado sostuvo una reuni\u00f3n con el gobernador regional de Piura, Reynaldo Hilbck, con la finalidad de conocer el avance de las obras de reconstrucci\u00f3n en esta parte del pa\u00eds, que fue afectada por el denominado Ni\u00f1o costero.<\/span><\/p>\n<p><span style=\"color: #000000;\">La tambi\u00e9n legisladora de Fuerza Popular se\u00f1al\u00f3 que le preocupa mucho los casos de dengue que ya causaron 29 muertes en Piura e inst\u00f3 a desarrollar una campa\u00f1a para tomar conciencia y prevenir esta enfermedad mortal, \u201cla cual debe involucrar a todos los sectores\u201d.<\/span><\/p>\n<p><span style=\"color: #000000;\">\u201cHay que hacer un trabajo con los medios de comunicaci\u00f3n, con las familias, con las autoridades, la iglesia, la empresa privada para concientizar a la poblaci\u00f3n de que esta enfermedad mata. No hay que bajar la guardia\u201d, anot\u00f3.<\/span><\/p>\n<p><span style=\"color: #000000;\">La titular del Parlamento dijo tambi\u00e9n que es importante reactivar econom\u00eda de Piura con la generaci\u00f3n de empleo, impulsar el turismo, con el fin de que todo vuelva a la normalidad, tras los desastres producto de la furia de la naturaleza.<\/span><\/p>\n","protected":false},"excerpt":{"rendered":"<p>La presidenta del Congreso, Luz Salgado, precis\u00f3 que a\u00fan no se ha presentado ninguna moci\u00f3n para interpelar a la ministra de Salud, Patricia Garc\u00eda. Piura, 01 Junio 2017, (ANDINA).- La presidenta del Congreso, Luz Salgado, precis\u00f3 que a\u00fan no se ha presentado ninguna moci\u00f3n para interpelar a la ministra de Salud, Patricia Garc\u00eda, para que [&hellip;]<\/p>\n","protected":false},"author":1,"featured_media":2777,"comment_status":"open","ping_status":"open","sticky":false,"template":"","format":"standard","meta":{"rop_custom_images_group":[],"rop_custom_messages_group":[],"rop_publish_now":"initial","rop_publish_now_accounts":[],"rop_publish_now_history":[],"rop_publish_now_status":"pending","footnotes":""},"categories":[5],"tags":[192,296],"class_list":["post-11084","post","type-post","status-publish","format-standard","has-post-thumbnail","hentry","category-actualidad-informativa","tag-congreso","tag-luz-salgado"],"_links":{"self":[{"href":"https:\/\/elinformanteperu.com\/index.php\/wp-json\/wp\/v2\/posts\/11084","targetHints":{"allow":["GET"]}}],"collection":[{"href":"https:\/\/elinformanteperu.com\/index.php\/wp-json\/wp\/v2\/posts"}],"about":[{"href":"https:\/\/elinformanteperu.com\/index.php\/wp-json\/wp\/v2\/types\/post"}],"author":[{"embeddable":true,"href":"https:\/\/elinformanteperu.com\/index.php\/wp-json\/wp\/v2\/users\/1"}],"replies":[{"embeddable":true,"href":"https:\/\/elinformanteperu.com\/index.php\/wp-json\/wp\/v2\/comments?post=11084"}],"version-history":[{"count":1,"href":"https:\/\/elinformanteperu.com\/index.php\/wp-json\/wp\/v2\/posts\/11084\/revisions"}],"predecessor-version":[{"id":11085,"href":"https:\/\/elinformanteperu.com\/index.php\/wp-json\/wp\/v2\/posts\/11084\/revisions\/11085"}],"wp:featuredmedia":[{"embeddable":true,"href":"https:\/\/elinformanteperu.com\/index.php\/wp-json\/wp\/v2\/media\/2777"}],"wp:attachment":[{"href":"https:\/\/elinformanteperu.com\/index.php\/wp-json\/wp\/v2\/media?parent=11084"}],"wp:term":[{"taxonomy":"category","embeddable":true,"href":"https:\/\/elinformanteperu.com\/index.php\/wp-json\/wp\/v2\/categories?post=11084"},{"taxonomy":"post_tag","embeddable":true,"href":"https:\/\/elinformanteperu.com\/index.php\/wp-json\/wp\/v2\/tags?post=11084"}],"curies":[{"name":"wp","href":"https:\/\/api.w.org\/{rel}","templated":true}]}}