{"id":110833,"date":"2022-01-18T23:16:47","date_gmt":"2022-01-19T04:16:47","guid":{"rendered":"https:\/\/elinformanteperu.com\/?p=110833"},"modified":"2022-01-18T23:16:47","modified_gmt":"2022-01-19T04:16:47","slug":"colegio-de-periodistas-del-peru-rechaza-actitudes-impropias-en-contra-del-presidente","status":"publish","type":"post","link":"https:\/\/elinformanteperu.com\/index.php\/2022\/01\/18\/colegio-de-periodistas-del-peru-rechaza-actitudes-impropias-en-contra-del-presidente\/","title":{"rendered":"Colegio de Periodistas del Per\u00fa rechaza actitudes impropias en contra del Presidente"},"content":{"rendered":"<p><strong><span style=\"color: #000000;\">Debido a la publicaci\u00f3n de un periodista que incita a la violencia contra el Jefe del Estado<\/span><\/strong><\/p>\n<p><span style=\"color: #000000;\"><strong>Lima, 18 Enero 2022, (ANDINA).-<\/strong> El Colegio de Periodistas del Per\u00fa (CPP) rechaz\u00f3 las actitudes impropias e insensatas cometidas por un colegiado, quien incit\u00f3 a la violencia en contra del Presidente de la Rep\u00fablica, Pedro Castillo.<\/span><\/p>\n<p><span style=\"color: #000000;\">A trav\u00e9s de un comunicado, indica que tomaron conocimiento de que el periodista Dave Jimmy Hern\u00e1ndez Vilca, colegiado en la Regi\u00f3n Lima, con registro 3753, \u00abse ha referido irresponsablemente en su cuenta de Twitter en contra de la integridad f\u00edsica del Jefe del Estado, a quien lo describe clasistamente por su lugar de origen\u00bb.<\/span><\/p>\n<p><span style=\"color: #000000;\">\u00abRechazamos actitudes impropias e insensatas como esta, que ri\u00f1en contra los principios del c\u00f3digo de \u00e9tica que rige para los periodistas y comunicadores de nuestra orden\u00bb, se\u00f1ala.<\/span><\/p>\n<p><span style=\"color: #000000;\">En ese sentido, y ante la gravedad \u00e9tica de lo cometido, solicitaron al Consejo Directivo Regional de Lima a que ponga este hecho a consideraci\u00f3n del Tribunal de Honor para su pronto pronunciamiento.<\/span><\/p>\n<p><strong><span style=\"color: #000000;\">Defensor\u00eda del Pueblo<\/span><\/strong><\/p>\n<p><span style=\"color: #000000;\">Por otro lado, la Defensor\u00eda rechaz\u00f3 el discurso violento y discriminatorio efectuado por el periodista Dave Jimmy Hern\u00e1ndez contra el Jefe del Estado.<\/span><\/p>\n<p><span style=\"color: #000000;\">\u00abLa libertad de expresi\u00f3n no protege invocaciones al uso de violencia ni a comisi\u00f3n de delitos\u00bb, escribi\u00f3 el organismo a trav\u00e9s de su cuenta oficial de Twitter.<\/span><\/p>\n<p><span style=\"color: #000000;\">Asimismo, insta al Ministerio P\u00fablico a proceder en este caso \u00abseg\u00fan sus atribuciones\u00bb.<\/span><\/p>\n","protected":false},"excerpt":{"rendered":"<p>Debido a la publicaci\u00f3n de un periodista que incita a la violencia contra el Jefe del Estado Lima, 18 Enero 2022, (ANDINA).- El Colegio de Periodistas del Per\u00fa (CPP) rechaz\u00f3 las actitudes impropias e insensatas cometidas por un colegiado, quien incit\u00f3 a la violencia en contra del Presidente de la Rep\u00fablica, Pedro Castillo. A trav\u00e9s [&hellip;]<\/p>\n","protected":false},"author":1,"featured_media":110834,"comment_status":"closed","ping_status":"closed","sticky":false,"template":"","format":"standard","meta":{"rop_custom_images_group":[],"rop_custom_messages_group":[],"rop_publish_now":"initial","rop_publish_now_accounts":[],"rop_publish_now_history":[],"rop_publish_now_status":"pending","footnotes":""},"categories":[5],"tags":[3001,2092],"class_list":["post-110833","post","type-post","status-publish","format-standard","has-post-thumbnail","hentry","category-actualidad-informativa","tag-colegio-de-periodistas-del-peru","tag-pedro-castillo"],"_links":{"self":[{"href":"https:\/\/elinformanteperu.com\/index.php\/wp-json\/wp\/v2\/posts\/110833","targetHints":{"allow":["GET"]}}],"collection":[{"href":"https:\/\/elinformanteperu.com\/index.php\/wp-json\/wp\/v2\/posts"}],"about":[{"href":"https:\/\/elinformanteperu.com\/index.php\/wp-json\/wp\/v2\/types\/post"}],"author":[{"embeddable":true,"href":"https:\/\/elinformanteperu.com\/index.php\/wp-json\/wp\/v2\/users\/1"}],"replies":[{"embeddable":true,"href":"https:\/\/elinformanteperu.com\/index.php\/wp-json\/wp\/v2\/comments?post=110833"}],"version-history":[{"count":1,"href":"https:\/\/elinformanteperu.com\/index.php\/wp-json\/wp\/v2\/posts\/110833\/revisions"}],"predecessor-version":[{"id":110835,"href":"https:\/\/elinformanteperu.com\/index.php\/wp-json\/wp\/v2\/posts\/110833\/revisions\/110835"}],"wp:featuredmedia":[{"embeddable":true,"href":"https:\/\/elinformanteperu.com\/index.php\/wp-json\/wp\/v2\/media\/110834"}],"wp:attachment":[{"href":"https:\/\/elinformanteperu.com\/index.php\/wp-json\/wp\/v2\/media?parent=110833"}],"wp:term":[{"taxonomy":"category","embeddable":true,"href":"https:\/\/elinformanteperu.com\/index.php\/wp-json\/wp\/v2\/categories?post=110833"},{"taxonomy":"post_tag","embeddable":true,"href":"https:\/\/elinformanteperu.com\/index.php\/wp-json\/wp\/v2\/tags?post=110833"}],"curies":[{"name":"wp","href":"https:\/\/api.w.org\/{rel}","templated":true}]}}