{"id":110828,"date":"2022-01-18T23:09:52","date_gmt":"2022-01-19T04:09:52","guid":{"rendered":"https:\/\/elinformanteperu.com\/?p=110828"},"modified":"2022-01-18T23:09:52","modified_gmt":"2022-01-19T04:09:52","slug":"ministerio-del-interior-alista-paquete-normativo-para-combatir-la-delincuencia","status":"publish","type":"post","link":"https:\/\/elinformanteperu.com\/index.php\/2022\/01\/18\/ministerio-del-interior-alista-paquete-normativo-para-combatir-la-delincuencia\/","title":{"rendered":"Ministerio del Interior alista paquete normativo para combatir la delincuencia"},"content":{"rendered":"<p><span style=\"color: #000000;\"><strong>Lima, 18 Enero 2022, (ANDINA).-<\/strong> El ministro del Interior, Avelino Guill\u00e9n, anunci\u00f3 que su sector trabaja un paquete normativo para combatir la delincuencia, el cual contempla la declaratoria de emergencia en Lima Metropolitana, el Callao, Trujillo y Ucayali.<\/span><\/p>\n<p><span style=\"color: #000000;\">En conferencia de prensa para presentar un balance de su portalfolio, Guill\u00e9n refiri\u00f3 que la propuesta tambi\u00e9n incluye un proyecto de ley de fortalecimiento de lucha contra sustracci\u00f3n de equipos telecomunicaci\u00f3n (celulares). Asimismo, una iniciativa legal de creaci\u00f3n del registro de acompa\u00f1antes en motos lineales.<\/span><\/p>\n<p><span style=\"color: #000000;\">El paquete normativo tambi\u00e9n considera un decreto supremo que reglamento la Ley N\u00b0 31324, Ley que fortalece la seguridad ciudadana a trav\u00e9s de la entrega voluntaria de armas de fuego ilegales o irregulares y de municiones (Sucamec).<\/span><\/p>\n<p><span style=\"color: #000000;\">El Mininter, adem\u00e1s, plantea un decreto supremo para fortalecer unidades de la Polic\u00eda Nacional del Per\u00fa (PNP) y elevar a la categor\u00eda de Direcci\u00f3n a la Divisi\u00f3n de Investigaci\u00f3n de delitos de Alta Complejidad (Diviac) y la Divisi\u00f3n de Investigaciones de Delitos de Alta Tecnolog\u00eda (Divindat) y a la Direcci\u00f3n de Protecci\u00f3n contra la Violencia Familiar.<\/span><\/p>\n<p><span style=\"color: #000000;\">En el balance de su cartera Guill\u00e9n inform\u00f3 que en el periodo julio a diciembre del 2021 se desarticularon 3880 bandas delictivas, adem\u00e1s de haberse capturado a 23 280 requisitoriados.<\/span><\/p>\n<p><span style=\"color: #000000;\">Asimismo, destac\u00f3 la cifra r\u00e9cord de m\u00e1s de 83 toneladas de destrucci\u00f3n de drogas durante el 2021, gracias a la labor de la Dinandro.<\/span><\/p>\n<p><span style=\"color: #000000;\">El titular del Mininter record\u00f3 el trinomio PNP, gobiernos municipales y regionales, y ciudadan\u00eda, para enfrentar la delincuencia, por lo cual, indic\u00f3, se seguir\u00e1 impulsando la estrategia Barrio Seguro. Detall\u00f3 que al cierre del 2021 se implementaron 99 Barrios Seguros.<\/span><\/p>\n<p><span style=\"color: #000000;\">Asimismo, inform\u00f3 que se destinar\u00e1 S\/ 217 .6 millones para el mejoramiento de la infraestructura de las unidades policiales. \u00abA eso apunta nuestra labor, a darle medios a la PNP para que desarrolle una eficaz funci\u00f3n\u00bb, subray\u00f3 Guill\u00e9n.<\/span><\/p>\n","protected":false},"excerpt":{"rendered":"<p>Lima, 18 Enero 2022, (ANDINA).- El ministro del Interior, Avelino Guill\u00e9n, anunci\u00f3 que su sector trabaja un paquete normativo para combatir la delincuencia, el cual contempla la declaratoria de emergencia en Lima Metropolitana, el Callao, Trujillo y Ucayali. En conferencia de prensa para presentar un balance de su portalfolio, Guill\u00e9n refiri\u00f3 que la propuesta tambi\u00e9n [&hellip;]<\/p>\n","protected":false},"author":1,"featured_media":110829,"comment_status":"closed","ping_status":"closed","sticky":false,"template":"","format":"standard","meta":{"rop_custom_images_group":[],"rop_custom_messages_group":[],"rop_publish_now":"initial","rop_publish_now_accounts":[],"rop_publish_now_history":[],"rop_publish_now_status":"pending","footnotes":""},"categories":[5,5745],"tags":[1339,401,280],"class_list":["post-110828","post","type-post","status-publish","format-standard","has-post-thumbnail","hentry","category-actualidad-informativa","category-lo-ultimo","tag-avelino-guillen","tag-mininter","tag-ministerio-del-interior"],"_links":{"self":[{"href":"https:\/\/elinformanteperu.com\/index.php\/wp-json\/wp\/v2\/posts\/110828","targetHints":{"allow":["GET"]}}],"collection":[{"href":"https:\/\/elinformanteperu.com\/index.php\/wp-json\/wp\/v2\/posts"}],"about":[{"href":"https:\/\/elinformanteperu.com\/index.php\/wp-json\/wp\/v2\/types\/post"}],"author":[{"embeddable":true,"href":"https:\/\/elinformanteperu.com\/index.php\/wp-json\/wp\/v2\/users\/1"}],"replies":[{"embeddable":true,"href":"https:\/\/elinformanteperu.com\/index.php\/wp-json\/wp\/v2\/comments?post=110828"}],"version-history":[{"count":1,"href":"https:\/\/elinformanteperu.com\/index.php\/wp-json\/wp\/v2\/posts\/110828\/revisions"}],"predecessor-version":[{"id":110830,"href":"https:\/\/elinformanteperu.com\/index.php\/wp-json\/wp\/v2\/posts\/110828\/revisions\/110830"}],"wp:featuredmedia":[{"embeddable":true,"href":"https:\/\/elinformanteperu.com\/index.php\/wp-json\/wp\/v2\/media\/110829"}],"wp:attachment":[{"href":"https:\/\/elinformanteperu.com\/index.php\/wp-json\/wp\/v2\/media?parent=110828"}],"wp:term":[{"taxonomy":"category","embeddable":true,"href":"https:\/\/elinformanteperu.com\/index.php\/wp-json\/wp\/v2\/categories?post=110828"},{"taxonomy":"post_tag","embeddable":true,"href":"https:\/\/elinformanteperu.com\/index.php\/wp-json\/wp\/v2\/tags?post=110828"}],"curies":[{"name":"wp","href":"https:\/\/api.w.org\/{rel}","templated":true}]}}