{"id":110825,"date":"2022-01-18T23:06:55","date_gmt":"2022-01-19T04:06:55","guid":{"rendered":"https:\/\/elinformanteperu.com\/?p=110825"},"modified":"2022-01-18T23:06:55","modified_gmt":"2022-01-19T04:06:55","slug":"ministro-de-educacion-regreso-a-clases-sera-flexible-con-enfoque-territorial","status":"publish","type":"post","link":"https:\/\/elinformanteperu.com\/index.php\/2022\/01\/18\/ministro-de-educacion-regreso-a-clases-sera-flexible-con-enfoque-territorial\/","title":{"rendered":"Ministro de Educaci\u00f3n: \u00abregreso a clases ser\u00e1 flexible con enfoque territorial\u00bb"},"content":{"rendered":"<p><span style=\"color: #000000;\"><strong>Lima, 18 Enero 2022, (ANDINA).-<\/strong> El ministro de Educaci\u00f3n, Rosendo Serna ratific\u00f3 que se tiene previsto el retorno a clase presenciales y semipresenciales para el 28 de marzo, de forma flexible y con enfoque territorial.<\/span><\/p>\n<p><span style=\"color: #000000;\">Fue durante su exposici\u00f3n en la sesi\u00f3n conjunta de las Comisiones de Salud y Especial covid-19, del Congreso.<\/span><\/p>\n<p><span style=\"color: #000000;\">\u201cSe tiene previsto que el 28 de marzo los estudiantes retornen a la presencialidad y semipresencialidad, de manera universal, para el a\u00f1o escolar 2022. El regreso a clases ser\u00e1 de forma flexible con enfoque territorial\u201d, asegur\u00f3.<\/span><\/p>\n<p><span style=\"color: #000000;\">Adem\u00e1s, el ministro se\u00f1al\u00f3 que se est\u00e1n enfocando en dos factores importantes: el mantenimiento de locales escolares para acondicionar a los estudiantes al inicio del a\u00f1o escolar, y el tema de la contrataci\u00f3n y encargaturas del personal.<\/span><\/p>\n<p><span style=\"color: #000000;\">Asimismo, asegur\u00f3 que, seg\u00fan el cronograma de retorno a clase, en febrero se permitir\u00e1 que los estudiantes participen en procesos de mejoras de recuperaci\u00f3n de aprendizajes, donde se realizar\u00e1n programas de aprendo en vacaciones, carpetas de recuperaci\u00f3n, aprendo en comunidad, entre otros.<\/span><\/p>\n<p><strong><span style=\"color: #000000;\">Condiciones para la salud<\/span><\/strong><\/p>\n<p><span style=\"color: #000000;\">Por otro lado, inform\u00f3 que se est\u00e1 invirtiendo en kits de higiene y de bioseguridad, que dotar\u00e1n de insumos necesarios para asegurar las condiciones b\u00e1sicas de limpieza, higiene y bioseguridad. Adem\u00e1s, se busca adquirir y distribuir mascarillas a 6.8 millones de estudiantes y 655 000 docentes y personal educativo, a\u00f1adi\u00f3.<\/span><\/p>\n<p><span style=\"color: #000000;\">Tambi\u00e9n recalc\u00f3 que, hasta la fecha, el 90,4% del personal educativo se encuentra con dos dosis contra la covid-19, y que solo el 5,3% no est\u00e1 vacunado con ninguna dosis.<\/span><\/p>\n<p><span style=\"color: #000000;\">Respecto a la salud mental, el ministro Serna inform\u00f3 que se tiene previsto realizar una evaluaci\u00f3n muestral de habilidades socioemocionales para la poblaci\u00f3n estudiantil y los docentes, con el fin de desarrollar herramientas y estrategias para fortalecer el bienestar estudiantil.<\/span><\/p>\n","protected":false},"excerpt":{"rendered":"<p>Lima, 18 Enero 2022, (ANDINA).- El ministro de Educaci\u00f3n, Rosendo Serna ratific\u00f3 que se tiene previsto el retorno a clase presenciales y semipresenciales para el 28 de marzo, de forma flexible y con enfoque territorial. Fue durante su exposici\u00f3n en la sesi\u00f3n conjunta de las Comisiones de Salud y Especial covid-19, del Congreso. \u201cSe tiene [&hellip;]<\/p>\n","protected":false},"author":1,"featured_media":110826,"comment_status":"closed","ping_status":"closed","sticky":false,"template":"","format":"standard","meta":{"rop_custom_images_group":[],"rop_custom_messages_group":[],"rop_publish_now":"initial","rop_publish_now_accounts":[],"rop_publish_now_history":[],"rop_publish_now_status":"pending","footnotes":""},"categories":[5],"tags":[1668,328,6961],"class_list":["post-110825","post","type-post","status-publish","format-standard","has-post-thumbnail","hentry","category-actualidad-informativa","tag-minedu","tag-ministerio-de-de-educacion","tag-rosendo-serna"],"_links":{"self":[{"href":"https:\/\/elinformanteperu.com\/index.php\/wp-json\/wp\/v2\/posts\/110825","targetHints":{"allow":["GET"]}}],"collection":[{"href":"https:\/\/elinformanteperu.com\/index.php\/wp-json\/wp\/v2\/posts"}],"about":[{"href":"https:\/\/elinformanteperu.com\/index.php\/wp-json\/wp\/v2\/types\/post"}],"author":[{"embeddable":true,"href":"https:\/\/elinformanteperu.com\/index.php\/wp-json\/wp\/v2\/users\/1"}],"replies":[{"embeddable":true,"href":"https:\/\/elinformanteperu.com\/index.php\/wp-json\/wp\/v2\/comments?post=110825"}],"version-history":[{"count":1,"href":"https:\/\/elinformanteperu.com\/index.php\/wp-json\/wp\/v2\/posts\/110825\/revisions"}],"predecessor-version":[{"id":110827,"href":"https:\/\/elinformanteperu.com\/index.php\/wp-json\/wp\/v2\/posts\/110825\/revisions\/110827"}],"wp:featuredmedia":[{"embeddable":true,"href":"https:\/\/elinformanteperu.com\/index.php\/wp-json\/wp\/v2\/media\/110826"}],"wp:attachment":[{"href":"https:\/\/elinformanteperu.com\/index.php\/wp-json\/wp\/v2\/media?parent=110825"}],"wp:term":[{"taxonomy":"category","embeddable":true,"href":"https:\/\/elinformanteperu.com\/index.php\/wp-json\/wp\/v2\/categories?post=110825"},{"taxonomy":"post_tag","embeddable":true,"href":"https:\/\/elinformanteperu.com\/index.php\/wp-json\/wp\/v2\/tags?post=110825"}],"curies":[{"name":"wp","href":"https:\/\/api.w.org\/{rel}","templated":true}]}}