{"id":110821,"date":"2022-01-18T22:57:38","date_gmt":"2022-01-19T03:57:38","guid":{"rendered":"https:\/\/elinformanteperu.com\/?p=110821"},"modified":"2022-01-18T22:57:38","modified_gmt":"2022-01-19T03:57:38","slug":"tienes-covid-19-conoce-cuanto-esperar-para-recibir-la-vacuna-contra-el-virus","status":"publish","type":"post","link":"https:\/\/elinformanteperu.com\/index.php\/2022\/01\/18\/tienes-covid-19-conoce-cuanto-esperar-para-recibir-la-vacuna-contra-el-virus\/","title":{"rendered":"\u00bfTienes covid-19? Conoce cu\u00e1nto esperar para recibir la vacuna contra el virus"},"content":{"rendered":"<p><strong><span style=\"color: #000000;\">Tanto para adultos como para ni\u00f1os<\/span><\/strong><\/p>\n<p><span style=\"color: #000000;\"><strong>Lima, 18 Enero 2022, (ANDINA).-<\/strong> Si estas infectado o has tenido covid-19 recientemente tienes que esperar un tiempo prudencial para vacunarte, pero \u00bfcu\u00e1nto es ese tiempo de espera? Eso depender\u00e1 de la gravedad de tu infecci\u00f3n.<\/span><\/p>\n<p><span style=\"color: #000000;\">Si has tenido una infecci\u00f3n agresiva, que requiri\u00f3 de hospitalizaci\u00f3n o cama UCI, el tiempo de espera es de 90 d\u00edas (tres meses), pero si tu infecci\u00f3n ha sido leve y los s\u00edntomas que presentaste no han sido preocupantes, el tiempo de espera se reduce hasta los 15 d\u00edas.<\/span><\/p>\n<p><span style=\"color: #000000;\">As\u00ed lo se\u00f1ala el Instituto Nacional de Salud (INS) del Ministerio de Salud (Minsa).<\/span><\/p>\n<p><span style=\"color: #000000;\">Menciona que se debe respetar el plazo de 90 d\u00edas para vacunarse ya que existe evidencia cient\u00edfica de que las personas adquieren una mejor protecci\u00f3n al recibir la vacuna.<\/span><\/p>\n<p><strong><span style=\"color: #000000;\">Infecci\u00f3n leve, 15 d\u00edas de espera<\/span><\/strong><\/p>\n<p><span style=\"color: #000000;\">En cambio, para las personas que llevaron una enfermedad menos complicada el tiempo de espera se reduce, tal como lo mencion\u00f3 Lely Solari, m\u00e9dica infect\u00f3loga del INS en entrevista con el programa Andina al D\u00eda.<\/span><\/p>\n<p><span style=\"color: #000000;\">\u201cSi la persona se ha infectado, pero ha estado durante el proceso en su casa, con s\u00edntomas leves: un peque\u00f1o dolor de cabeza, algo de fiebre, tos, pero nunca se hospitaliz\u00f3, esa persona puede vacunarse a las dos semanas despu\u00e9s del alta del covid-19, es decir a los 15 d\u00edas. No debe tener ning\u00fan s\u00edntoma\u201d, se\u00f1al\u00f3.<\/span><\/p>\n<p><strong><span style=\"color: #000000;\">Ni\u00f1os<\/span><\/strong><\/p>\n<p><span style=\"color: #000000;\">Por otro lado, el Minsa public\u00f3 el protocolo para la vacunaci\u00f3n contra el covid-19 a los ni\u00f1os de 5 a 11 a\u00f1os, en el cual se establecen los procedimientos y una serie de condiciones para que se procese con la inoculaci\u00f3n a este grupo etario.<\/span><\/p>\n<p><span style=\"color: #000000;\">Si bien es cierto que los ni\u00f1os merecen un trato diferenciado en comparaci\u00f3n con la poblaci\u00f3n adulta, tambi\u00e9n es cierto que, en el tema del tiempo de espera, la situaci\u00f3n es similar a la del p\u00fablico adulto.<\/span><\/p>\n<p><span style=\"color: #000000;\">\u201cAquellos ni\u00f1os o ni\u00f1as que hayan tenido cuadro leve del covid-19, sin necesidad de ox\u00edgeno u hospitalizaci\u00f3n, ser\u00e1n vacunados 14 d\u00edas despu\u00e9s del alta m\u00e9dica. Si el ni\u00f1o o ni\u00f1a present\u00f3 caso severo de covid-19 con necesidad de ox\u00edgeno y\/o hospitalizaci\u00f3n, se deber\u00e1 vacunar 90 d\u00edas despu\u00e9s del alta m\u00e9dica\u201d, menciona el protocolo de atenci\u00f3n para los menores de edad.<\/span><\/p>\n","protected":false},"excerpt":{"rendered":"<p>Tanto para adultos como para ni\u00f1os Lima, 18 Enero 2022, (ANDINA).- Si estas infectado o has tenido covid-19 recientemente tienes que esperar un tiempo prudencial para vacunarte, pero \u00bfcu\u00e1nto es ese tiempo de espera? Eso depender\u00e1 de la gravedad de tu infecci\u00f3n. Si has tenido una infecci\u00f3n agresiva, que requiri\u00f3 de hospitalizaci\u00f3n o cama UCI, [&hellip;]<\/p>\n","protected":false},"author":1,"featured_media":109129,"comment_status":"closed","ping_status":"closed","sticky":false,"template":"","format":"standard","meta":{"rop_custom_images_group":[],"rop_custom_messages_group":[],"rop_publish_now":"initial","rop_publish_now_accounts":[],"rop_publish_now_history":[],"rop_publish_now_status":"pending","footnotes":""},"categories":[10],"tags":[6607,388,431,5939],"class_list":["post-110821","post","type-post","status-publish","format-standard","has-post-thumbnail","hentry","category-actualidad-municipal","tag-covid-tercera-ola","tag-ministerio-de-salud","tag-minsa","tag-vacunacion"],"_links":{"self":[{"href":"https:\/\/elinformanteperu.com\/index.php\/wp-json\/wp\/v2\/posts\/110821","targetHints":{"allow":["GET"]}}],"collection":[{"href":"https:\/\/elinformanteperu.com\/index.php\/wp-json\/wp\/v2\/posts"}],"about":[{"href":"https:\/\/elinformanteperu.com\/index.php\/wp-json\/wp\/v2\/types\/post"}],"author":[{"embeddable":true,"href":"https:\/\/elinformanteperu.com\/index.php\/wp-json\/wp\/v2\/users\/1"}],"replies":[{"embeddable":true,"href":"https:\/\/elinformanteperu.com\/index.php\/wp-json\/wp\/v2\/comments?post=110821"}],"version-history":[{"count":1,"href":"https:\/\/elinformanteperu.com\/index.php\/wp-json\/wp\/v2\/posts\/110821\/revisions"}],"predecessor-version":[{"id":110822,"href":"https:\/\/elinformanteperu.com\/index.php\/wp-json\/wp\/v2\/posts\/110821\/revisions\/110822"}],"wp:featuredmedia":[{"embeddable":true,"href":"https:\/\/elinformanteperu.com\/index.php\/wp-json\/wp\/v2\/media\/109129"}],"wp:attachment":[{"href":"https:\/\/elinformanteperu.com\/index.php\/wp-json\/wp\/v2\/media?parent=110821"}],"wp:term":[{"taxonomy":"category","embeddable":true,"href":"https:\/\/elinformanteperu.com\/index.php\/wp-json\/wp\/v2\/categories?post=110821"},{"taxonomy":"post_tag","embeddable":true,"href":"https:\/\/elinformanteperu.com\/index.php\/wp-json\/wp\/v2\/tags?post=110821"}],"curies":[{"name":"wp","href":"https:\/\/api.w.org\/{rel}","templated":true}]}}