{"id":110815,"date":"2022-01-18T22:49:29","date_gmt":"2022-01-19T03:49:29","guid":{"rendered":"https:\/\/elinformanteperu.com\/?p=110815"},"modified":"2022-01-18T22:49:29","modified_gmt":"2022-01-19T03:49:29","slug":"minsa-advierte-que-casos-del-covid-19-se-duplican-cada-dos-dias-en-el-pais","status":"publish","type":"post","link":"https:\/\/elinformanteperu.com\/index.php\/2022\/01\/18\/minsa-advierte-que-casos-del-covid-19-se-duplican-cada-dos-dias-en-el-pais\/","title":{"rendered":"Minsa advierte que casos del covid-19 se duplican cada dos d\u00edas en el pa\u00eds"},"content":{"rendered":"<p><strong><span style=\"color: #000000;\">Director general de Intervenciones Estrat\u00e9gicas en Salud P\u00fablica descarta desabastecimiento de paracetamol<\/span><\/strong><\/p>\n<p><span style=\"color: #000000;\"><strong>Lima, 18 Enero 2022, (ANDINA).-<\/strong> Especialistas del Ministerio de Salud (Minsa) advierten que los casos del covid-19 se duplican cada dos d\u00edas en el pa\u00eds y recomiendan a la poblaci\u00f3n aplicarse la tercera dosis de la vacuna para asegurar su protecci\u00f3n.<\/span><\/p>\n<p><span style=\"color: #000000;\">Esta exhortaci\u00f3n la hicieron en la reuni\u00f3n del Consejo Nacional de Salud, que se realiz\u00f3 hoy, donde presentaron las estrategias que implementar\u00e1n para frenar el incremento de contagios de esta enfermedad, alentado por la presencia predominante de la variante \u00f3micron en ciudades como Lima y Callao.<\/span><\/p>\n<p><span style=\"color: #000000;\">El director general de Intervenciones Estrat\u00e9gicas en Salud P\u00fablica del Minsa, Alexis Holgu\u00edn, dio a conocer los lineamientos para la prevenci\u00f3n y control del covid-19 que aparecen en la Norma T\u00e9cnica de Salud 178-Minsa\/DGIESP-2021.<\/span><\/p>\n<p><span style=\"color: #000000;\">En su exposici\u00f3n, Holgu\u00edn desminti\u00f3 que existiera un desabastecimiento de paracetamol en el pa\u00eds y precis\u00f3 que en la \u00faltima semana del 2021 el Minsa distribuy\u00f3 m\u00e1s de 1 mill\u00f3n 800,000 dosis de este f\u00e1rmaco a los centros de salud del pa\u00eds.<\/span><\/p>\n<p><span style=\"color: #000000;\">\u201cActualmente existen en stock m\u00e1s de 1 mill\u00f3n 350,000 dosis (de paracetamol) que est\u00e1n distribuidas en los establecimientos de salud a escala nacional\u201d, indic\u00f3.<\/span><\/p>\n<p><a href=\"https:\/\/elinformanteperu.com\/wp-content\/uploads\/2021\/12\/vacunacion-peru.jpg\"><img fetchpriority=\"high\" decoding=\"async\" class=\"size-full wp-image-109781 aligncenter\" src=\"https:\/\/elinformanteperu.com\/wp-content\/uploads\/2021\/12\/vacunacion-peru.jpg\" alt=\"\" width=\"1800\" height=\"1200\" srcset=\"https:\/\/elinformanteperu.com\/wp-content\/uploads\/2021\/12\/vacunacion-peru.jpg 1800w, https:\/\/elinformanteperu.com\/wp-content\/uploads\/2021\/12\/vacunacion-peru-300x200.jpg 300w, https:\/\/elinformanteperu.com\/wp-content\/uploads\/2021\/12\/vacunacion-peru-1024x683.jpg 1024w, https:\/\/elinformanteperu.com\/wp-content\/uploads\/2021\/12\/vacunacion-peru-768x512.jpg 768w, https:\/\/elinformanteperu.com\/wp-content\/uploads\/2021\/12\/vacunacion-peru-1536x1024.jpg 1536w\" sizes=\"(max-width: 1800px) 100vw, 1800px\" \/><\/a><\/p>\n","protected":false},"excerpt":{"rendered":"<p>Director general de Intervenciones Estrat\u00e9gicas en Salud P\u00fablica descarta desabastecimiento de paracetamol Lima, 18 Enero 2022, (ANDINA).- Especialistas del Ministerio de Salud (Minsa) advierten que los casos del covid-19 se duplican cada dos d\u00edas en el pa\u00eds y recomiendan a la poblaci\u00f3n aplicarse la tercera dosis de la vacuna para asegurar su protecci\u00f3n. Esta exhortaci\u00f3n [&hellip;]<\/p>\n","protected":false},"author":1,"featured_media":110816,"comment_status":"closed","ping_status":"closed","sticky":false,"template":"","format":"standard","meta":{"rop_custom_images_group":[],"rop_custom_messages_group":[],"rop_publish_now":"initial","rop_publish_now_accounts":[],"rop_publish_now_history":[],"rop_publish_now_status":"pending","footnotes":""},"categories":[10],"tags":[6607,388,431],"class_list":["post-110815","post","type-post","status-publish","format-standard","has-post-thumbnail","hentry","category-actualidad-municipal","tag-covid-tercera-ola","tag-ministerio-de-salud","tag-minsa"],"_links":{"self":[{"href":"https:\/\/elinformanteperu.com\/index.php\/wp-json\/wp\/v2\/posts\/110815","targetHints":{"allow":["GET"]}}],"collection":[{"href":"https:\/\/elinformanteperu.com\/index.php\/wp-json\/wp\/v2\/posts"}],"about":[{"href":"https:\/\/elinformanteperu.com\/index.php\/wp-json\/wp\/v2\/types\/post"}],"author":[{"embeddable":true,"href":"https:\/\/elinformanteperu.com\/index.php\/wp-json\/wp\/v2\/users\/1"}],"replies":[{"embeddable":true,"href":"https:\/\/elinformanteperu.com\/index.php\/wp-json\/wp\/v2\/comments?post=110815"}],"version-history":[{"count":1,"href":"https:\/\/elinformanteperu.com\/index.php\/wp-json\/wp\/v2\/posts\/110815\/revisions"}],"predecessor-version":[{"id":110817,"href":"https:\/\/elinformanteperu.com\/index.php\/wp-json\/wp\/v2\/posts\/110815\/revisions\/110817"}],"wp:featuredmedia":[{"embeddable":true,"href":"https:\/\/elinformanteperu.com\/index.php\/wp-json\/wp\/v2\/media\/110816"}],"wp:attachment":[{"href":"https:\/\/elinformanteperu.com\/index.php\/wp-json\/wp\/v2\/media?parent=110815"}],"wp:term":[{"taxonomy":"category","embeddable":true,"href":"https:\/\/elinformanteperu.com\/index.php\/wp-json\/wp\/v2\/categories?post=110815"},{"taxonomy":"post_tag","embeddable":true,"href":"https:\/\/elinformanteperu.com\/index.php\/wp-json\/wp\/v2\/tags?post=110815"}],"curies":[{"name":"wp","href":"https:\/\/api.w.org\/{rel}","templated":true}]}}