{"id":11066,"date":"2017-06-02T00:53:12","date_gmt":"2017-06-02T05:53:12","guid":{"rendered":"http:\/\/elinformanteperu.com\/?p=11066"},"modified":"2017-06-02T01:38:08","modified_gmt":"2017-06-02T06:38:08","slug":"personas-con-discapacidad-ya-pueden-acceder-con-mayor-facilidad-a-diversos-servicios","status":"publish","type":"post","link":"https:\/\/elinformanteperu.com\/index.php\/2017\/06\/02\/personas-con-discapacidad-ya-pueden-acceder-con-mayor-facilidad-a-diversos-servicios\/","title":{"rendered":"Personas con discapacidad ya pueden acceder con mayor facilidad a diversos servicios"},"content":{"rendered":"<p><span style=\"color: #000000;\"><strong>Recibir\u00e1n una atenci\u00f3n integral e inclusiva por el Ministerio de Cultura gracias a capacitaci\u00f3n en lengua de se\u00f1as y software de lectura de pantalla, entre otros.<\/strong><\/span><\/p>\n<p><span style=\"color: #000000;\"><strong>Lima, 01 Junio 2017, (El Informante Per\u00fa).-<\/strong> Con la finalidad de que los servicios sean m\u00e1s accesibles para todos los ciudadanos, el Ministerio de Cultura ha realizado una serie de acciones para lograr que las personas con diferentes tipos de discapacidad accedan a los servicios que se brindan en la Plataforma de atenci\u00f3n al Ciudadano y Biblioteca Institucional.<\/span><\/p>\n<p><span style=\"color: #000000;\">Las personas pueden acceder de manera f\u00e1cil a Mesa de Partes, Informes, Recepci\u00f3n as\u00ed como a los libros de arqueolog\u00eda, antropolog\u00eda, antropolog\u00eda, arquitectura, historia, artes, m\u00fasica y otros, de manera segura y c\u00f3moda ya que se cuenta con espacios adecuados y con se\u00f1al\u00e9tica de orientaci\u00f3n para personas con discapacidad f\u00edsica.<\/span><\/p>\n<p><span style=\"color: #000000;\">De esta manera, se podr\u00e1 obtener informaci\u00f3n de nuestros tr\u00e1mites y servicios a trav\u00e9s del personal capacitado en lengua de se\u00f1as para personas con discapacidad auditiva.<\/span><\/p>\n<p><span style=\"color: #000000;\">Asimismo las personas que hablen en quechua tambi\u00e9n cuentan con una ventanilla especial. La infraestructura de acceso a la plataforma de atenci\u00f3n, tambi\u00e9n cuenta con adecuaciones que facilitan la movilidad de personas con discapacidad visual.<\/span><\/p>\n<p><span style=\"color: #000000;\">En la Biblioteca, las personas con discapacidad visual pueden acceder a dicho espacio y enriquecer sus conocimientos con nuestros \u201cLibros en L\u00ednea\u201d (p\u00e1gina web institucional) escuchando a trav\u00e9s del software lector de pantalla textos completos en castellano y en lenguas ind\u00edgenas que se han digitalizado en pdf con OCR para facilitar su acceso libre a trav\u00e9s de los equipos que se encuentran en dicho espacio a disposici\u00f3n de los lectores.<\/span><\/p>\n<p><span style=\"color: #000000;\">De esta manera los usuarios de cualquier parte del mundo pueden acceder a estos Libros en L\u00ednea ya que son \u2018accesibles\u2019 a trav\u00e9s de estos programas lectores de pantalla com\u00fanmente utilizados por personas con discapacidad visual, pero cuyo alcance puede comprender a personas de la tercera edad que desde la comodidad de su hogar desean acceder libros tan importantes. El personal de Biblioteca tambi\u00e9n se comunica en lengua de se\u00f1as peruanas para atender y orientar en forma correcta a las personas con discapacidad auditiva que requieren del servicio.<\/span><\/p>\n<p><img fetchpriority=\"high\" decoding=\"async\" class=\"aligncenter size-full wp-image-11068\" src=\"http:\/\/elinformanteperu.com\/wp-content\/uploads\/2017\/06\/cultura-discapacitados1.jpg\" alt=\"\" width=\"851\" height=\"638\" srcset=\"https:\/\/elinformanteperu.com\/wp-content\/uploads\/2017\/06\/cultura-discapacitados1.jpg 851w, https:\/\/elinformanteperu.com\/wp-content\/uploads\/2017\/06\/cultura-discapacitados1-300x225.jpg 300w, https:\/\/elinformanteperu.com\/wp-content\/uploads\/2017\/06\/cultura-discapacitados1-768x576.jpg 768w, https:\/\/elinformanteperu.com\/wp-content\/uploads\/2017\/06\/cultura-discapacitados1-128x96.jpg 128w, https:\/\/elinformanteperu.com\/wp-content\/uploads\/2017\/06\/cultura-discapacitados1-32x24.jpg 32w\" sizes=\"(max-width: 851px) 100vw, 851px\" \/><\/p>\n","protected":false},"excerpt":{"rendered":"<p>Recibir\u00e1n una atenci\u00f3n integral e inclusiva por el Ministerio de Cultura gracias a capacitaci\u00f3n en lengua de se\u00f1as y software de lectura de pantalla, entre otros. Lima, 01 Junio 2017, (El Informante Per\u00fa).- Con la finalidad de que los servicios sean m\u00e1s accesibles para todos los ciudadanos, el Ministerio de Cultura ha realizado una serie [&hellip;]<\/p>\n","protected":false},"author":1,"featured_media":11067,"comment_status":"open","ping_status":"open","sticky":false,"template":"","format":"standard","meta":{"rop_custom_images_group":[],"rop_custom_messages_group":[],"rop_publish_now":"initial","rop_publish_now_accounts":[],"rop_publish_now_history":[],"rop_publish_now_status":"pending","footnotes":""},"categories":[10],"tags":[105],"class_list":["post-11066","post","type-post","status-publish","format-standard","has-post-thumbnail","hentry","category-actualidad-municipal","tag-ministerio-de-cultura"],"_links":{"self":[{"href":"https:\/\/elinformanteperu.com\/index.php\/wp-json\/wp\/v2\/posts\/11066","targetHints":{"allow":["GET"]}}],"collection":[{"href":"https:\/\/elinformanteperu.com\/index.php\/wp-json\/wp\/v2\/posts"}],"about":[{"href":"https:\/\/elinformanteperu.com\/index.php\/wp-json\/wp\/v2\/types\/post"}],"author":[{"embeddable":true,"href":"https:\/\/elinformanteperu.com\/index.php\/wp-json\/wp\/v2\/users\/1"}],"replies":[{"embeddable":true,"href":"https:\/\/elinformanteperu.com\/index.php\/wp-json\/wp\/v2\/comments?post=11066"}],"version-history":[{"count":2,"href":"https:\/\/elinformanteperu.com\/index.php\/wp-json\/wp\/v2\/posts\/11066\/revisions"}],"predecessor-version":[{"id":11095,"href":"https:\/\/elinformanteperu.com\/index.php\/wp-json\/wp\/v2\/posts\/11066\/revisions\/11095"}],"wp:featuredmedia":[{"embeddable":true,"href":"https:\/\/elinformanteperu.com\/index.php\/wp-json\/wp\/v2\/media\/11067"}],"wp:attachment":[{"href":"https:\/\/elinformanteperu.com\/index.php\/wp-json\/wp\/v2\/media?parent=11066"}],"wp:term":[{"taxonomy":"category","embeddable":true,"href":"https:\/\/elinformanteperu.com\/index.php\/wp-json\/wp\/v2\/categories?post=11066"},{"taxonomy":"post_tag","embeddable":true,"href":"https:\/\/elinformanteperu.com\/index.php\/wp-json\/wp\/v2\/tags?post=11066"}],"curies":[{"name":"wp","href":"https:\/\/api.w.org\/{rel}","templated":true}]}}