{"id":110627,"date":"2022-01-15T01:23:31","date_gmt":"2022-01-15T06:23:31","guid":{"rendered":"https:\/\/elinformanteperu.com\/?p=110627"},"modified":"2022-01-15T01:23:31","modified_gmt":"2022-01-15T06:23:31","slug":"elecciones-2022-desde-hoy-organizaciones-politicas-deberan-convocar-a-internas","status":"publish","type":"post","link":"https:\/\/elinformanteperu.com\/index.php\/2022\/01\/15\/elecciones-2022-desde-hoy-organizaciones-politicas-deberan-convocar-a-internas\/","title":{"rendered":"Elecciones 2022: desde hoy organizaciones pol\u00edticas deber\u00e1n convocar a internas"},"content":{"rendered":"<p><strong><span style=\"color: #000000;\">Con miras a participar en las elecciones regionales y municipales<\/span><\/strong><\/p>\n<p><span style=\"color: #000000;\"><strong>Lima, 15 Enero 2022, (ANDINA).-<\/strong> Las organizaciones pol\u00edticas, alianzas electorales y movimientos regionales que deseen participar en las elecciones regionales y municipales de este a\u00f1o, deber\u00e1n convocar a elecciones internas entre ma\u00f1ana y el pr\u00f3ximo s\u00e1bado 22 de enero, record\u00f3 la Oficina Nacional de Procesos Electorales (ONPE).<\/span><\/p>\n<p><span style=\"color: #000000;\">Asimismo, se indica que deber\u00e1n comunicar sobre la convocatoria al organismo electoral dentro de los tres d\u00edas siguientes a la fecha de efectuado el llamado a este proceso interno.<\/span><\/p>\n<p><span style=\"color: #000000;\">Estos plazos y los otros fijados tanto por la ONPE como por el Jurado Nacional de Elecciones (JNE) son improrrogables y de obligatorio cumplimiento para las organizaciones pol\u00edticas.<\/span><\/p>\n<p><span style=\"color: #000000;\">Seg\u00fan la legislaci\u00f3n vigente, solo podr\u00e1n competir en los comicios regionales y municipales programados para el domingo 2 de octubre quienes integren las f\u00f3rmulas y listas que resulten ganadoras en las elecciones internas.<\/span><\/p>\n<p><span style=\"color: #000000;\">Los partidos pol\u00edticos, alianzas electorales y movimientos regionales obligados a realizar Elecciones Internas son aquellos que se encuentren inscritos o hayan solicitado su inscripci\u00f3n en el Registro de Organizaciones Pol\u00edticas del JNE hasta el pasado 5 de enero.<\/span><\/p>\n<p><strong><span style=\"color: #000000;\">Elecciones Internas<\/span><\/strong><\/p>\n<p><span style=\"color: #000000;\">Las organizaciones pueden optar entre dos modalidades de elecci\u00f3n de sus candidatos:<\/span><\/p>\n<p><span style=\"color: #000000;\"><strong>Elecci\u00f3n directa:<\/strong> El 15 de mayo, afiliados y afiliadas elegir\u00e1n directamente a los candidatos que postular\u00e1n para los cargos de gobernadores, vicegobernadores, consejeros regionales, alcaldes y regidores de municipalidades provinciales y distritales.<\/span><\/p>\n<p><span style=\"color: #000000;\"><strong>Elecci\u00f3n a trav\u00e9s de delegados:<\/strong> El 15 de mayo, afiliados y afiliadas elegir\u00e1n a los delegados y delegadas, los cuales votar\u00e1n una semana despu\u00e9s, el 22 de mayo, para elegir a sus candidatos.<\/span><\/p>\n","protected":false},"excerpt":{"rendered":"<p>Con miras a participar en las elecciones regionales y municipales Lima, 15 Enero 2022, (ANDINA).- Las organizaciones pol\u00edticas, alianzas electorales y movimientos regionales que deseen participar en las elecciones regionales y municipales de este a\u00f1o, deber\u00e1n convocar a elecciones internas entre ma\u00f1ana y el pr\u00f3ximo s\u00e1bado 22 de enero, record\u00f3 la Oficina Nacional de Procesos [&hellip;]<\/p>\n","protected":false},"author":1,"featured_media":99597,"comment_status":"closed","ping_status":"closed","sticky":false,"template":"","format":"standard","meta":{"rop_custom_images_group":[],"rop_custom_messages_group":[],"rop_publish_now":"initial","rop_publish_now_accounts":[],"rop_publish_now_history":[],"rop_publish_now_status":"pending","footnotes":""},"categories":[5],"tags":[6808,184,185,150],"class_list":["post-110627","post","type-post","status-publish","format-standard","has-post-thumbnail","hentry","category-actualidad-informativa","tag-elecciones-municipales-2022","tag-jne","tag-jurado-nacional-de-elecciones","tag-onpe"],"_links":{"self":[{"href":"https:\/\/elinformanteperu.com\/index.php\/wp-json\/wp\/v2\/posts\/110627","targetHints":{"allow":["GET"]}}],"collection":[{"href":"https:\/\/elinformanteperu.com\/index.php\/wp-json\/wp\/v2\/posts"}],"about":[{"href":"https:\/\/elinformanteperu.com\/index.php\/wp-json\/wp\/v2\/types\/post"}],"author":[{"embeddable":true,"href":"https:\/\/elinformanteperu.com\/index.php\/wp-json\/wp\/v2\/users\/1"}],"replies":[{"embeddable":true,"href":"https:\/\/elinformanteperu.com\/index.php\/wp-json\/wp\/v2\/comments?post=110627"}],"version-history":[{"count":1,"href":"https:\/\/elinformanteperu.com\/index.php\/wp-json\/wp\/v2\/posts\/110627\/revisions"}],"predecessor-version":[{"id":110628,"href":"https:\/\/elinformanteperu.com\/index.php\/wp-json\/wp\/v2\/posts\/110627\/revisions\/110628"}],"wp:featuredmedia":[{"embeddable":true,"href":"https:\/\/elinformanteperu.com\/index.php\/wp-json\/wp\/v2\/media\/99597"}],"wp:attachment":[{"href":"https:\/\/elinformanteperu.com\/index.php\/wp-json\/wp\/v2\/media?parent=110627"}],"wp:term":[{"taxonomy":"category","embeddable":true,"href":"https:\/\/elinformanteperu.com\/index.php\/wp-json\/wp\/v2\/categories?post=110627"},{"taxonomy":"post_tag","embeddable":true,"href":"https:\/\/elinformanteperu.com\/index.php\/wp-json\/wp\/v2\/tags?post=110627"}],"curies":[{"name":"wp","href":"https:\/\/api.w.org\/{rel}","templated":true}]}}