{"id":110624,"date":"2022-01-15T01:21:50","date_gmt":"2022-01-15T06:21:50","guid":{"rendered":"https:\/\/elinformanteperu.com\/?p=110624"},"modified":"2022-01-15T01:21:50","modified_gmt":"2022-01-15T06:21:50","slug":"mtpe-exhorta-al-congreso-a-reconsiderar-dictamen-que-declara-inconstitucional-bono-210","status":"publish","type":"post","link":"https:\/\/elinformanteperu.com\/index.php\/2022\/01\/15\/mtpe-exhorta-al-congreso-a-reconsiderar-dictamen-que-declara-inconstitucional-bono-210\/","title":{"rendered":"MTPE exhorta al Congreso a reconsiderar dictamen que declara inconstitucional Bono 210"},"content":{"rendered":"<p><strong><span style=\"color: #000000;\">Indica que beneficia a m\u00e1s de 2.8 millones de trabajadores y sus familias<\/span><\/strong><\/p>\n<p><span style=\"color: #000000;\"><strong>Lima, 14 Enero 2022, (ANDINA).-<\/strong> El Ministerio de Trabajo y Promoci\u00f3n del Empleo (MTPE) exhort\u00f3 hoy a la Comisi\u00f3n de Constituci\u00f3n del Congreso para que reconsidere el dictamen aprobado en dicho grupo de trabajo que declara inconstitucional el denominado Bono 210, al no cumplir los requisitos constitucionales y propone su derogaci\u00f3n.<\/span><\/p>\n<p><span style=\"color: #000000;\">Como se recuerda, la Comisi\u00f3n de Constituci\u00f3n aprob\u00f3 un dictamen que determina que el Decreto de Urgencia 105-2021 no cumple los requisitos constitucionales.<\/span><\/p>\n<p><span style=\"color: #000000;\">\u00abExhorta al pleno del Congreso a reevaluar la decisi\u00f3n tomada por mayor\u00eda en la Comisi\u00f3n de Constituci\u00f3n, la cual afectar\u00eda a por lo menos 2.8 millones de beneficiarios y sus familias, que conforman parte de la poblaci\u00f3n m\u00e1s vulnerable y necesitada del pa\u00eds\u00bb, indica el ministerio a trav\u00e9s de un comunicado.<\/span><\/p>\n<p><span style=\"color: #000000;\">En tal sentido, manifiesta que la derogatoria del bono \u00abgenerar\u00eda una situaci\u00f3n diferenciadora\u00bb ya que a la fecha los trabajadores beneficiarios del sector p\u00fablico ya cobraron dicho bono, mientras que los trabajadores beneficiarios del sector privado est\u00e1n a punto de iniciar el cobro del mismo.<\/span><\/p>\n<p><span style=\"color: #000000;\">Asimismo, ratifica la pertinencia y constitucionalidad de dicho decreto de urgencia, el cual se justific\u00f3 en su momento tanto por el Ministerio de Econom\u00eda y Finanzas (MEF), como por el Ministerio de Trabajo y Promoci\u00f3n del Empleo (MPTE), en la exposici\u00f3n de motivos que lo sustenta.<\/span><\/p>\n<p><span style=\"color: #000000;\">\u00ab(&#8230;) Cumpli\u00e9ndose con los seis requisitos sustanciales exigidos para dictar un decreto de urgencia: materia econ\u00f3mica y financiera, excepcionalidad, necesidad, generalidad, transitoriedad y conexidad\u00bb, agrega.<\/span><\/p>\n<p><span style=\"color: #000000;\">De igual modo, destaca que el Bono 210 forma parte de un paquete econ\u00f3mico de ayuda social que el Gobierno puso en marcha desde el a\u00f1o pasado, conformado por el Bono Yanapay, Bono Agrario, entre otros.<\/span><\/p>\n<p><span style=\"color: #000000;\">\u00abPor lo expuesto, de insistir en la decisi\u00f3n tomada por la Comisi\u00f3n Constituci\u00f3n y Reglamento, el Congreso de la Rep\u00fablica estar\u00eda poniendo en riesgo el apoyo destinado a m\u00e1s de 2.8 millones de personas que pese a trabajar en condiciones formales, perciben menos de 2,000 soles para sustentar a sus familias\u00bb, precisa.<\/span><\/p>\n<p><span style=\"color: #000000;\">El Decreto de Urgencia 105-2021 establece el otorgamiento de un bono extraordinario de 210 soles a favor del personal formal de los sectores privado y p\u00fablico con menores ingresos.<\/span><\/p>\n<p><span style=\"color: #000000;\">Esta medida que se adopt\u00f3 considerando la p\u00e9rdida del poder adquisitivo de los trabajadores formales para la cobertura de las necesidades b\u00e1sicas de sus hogares, debido a la situaci\u00f3n econ\u00f3mica generada por la persistencia de la covid-19 y las medidas adoptadas por el gobierno para contrarrestarla.<\/span><\/p>\n","protected":false},"excerpt":{"rendered":"<p>Indica que beneficia a m\u00e1s de 2.8 millones de trabajadores y sus familias Lima, 14 Enero 2022, (ANDINA).- El Ministerio de Trabajo y Promoci\u00f3n del Empleo (MTPE) exhort\u00f3 hoy a la Comisi\u00f3n de Constituci\u00f3n del Congreso para que reconsidere el dictamen aprobado en dicho grupo de trabajo que declara inconstitucional el denominado Bono 210, al [&hellip;]<\/p>\n","protected":false},"author":1,"featured_media":110625,"comment_status":"closed","ping_status":"closed","sticky":false,"template":"","format":"standard","meta":{"rop_custom_images_group":[],"rop_custom_messages_group":[],"rop_publish_now":"initial","rop_publish_now_accounts":[],"rop_publish_now_history":[],"rop_publish_now_status":"pending","footnotes":""},"categories":[5],"tags":[192,320],"class_list":["post-110624","post","type-post","status-publish","format-standard","has-post-thumbnail","hentry","category-actualidad-informativa","tag-congreso","tag-ministerio-de-trabajo"],"_links":{"self":[{"href":"https:\/\/elinformanteperu.com\/index.php\/wp-json\/wp\/v2\/posts\/110624","targetHints":{"allow":["GET"]}}],"collection":[{"href":"https:\/\/elinformanteperu.com\/index.php\/wp-json\/wp\/v2\/posts"}],"about":[{"href":"https:\/\/elinformanteperu.com\/index.php\/wp-json\/wp\/v2\/types\/post"}],"author":[{"embeddable":true,"href":"https:\/\/elinformanteperu.com\/index.php\/wp-json\/wp\/v2\/users\/1"}],"replies":[{"embeddable":true,"href":"https:\/\/elinformanteperu.com\/index.php\/wp-json\/wp\/v2\/comments?post=110624"}],"version-history":[{"count":1,"href":"https:\/\/elinformanteperu.com\/index.php\/wp-json\/wp\/v2\/posts\/110624\/revisions"}],"predecessor-version":[{"id":110626,"href":"https:\/\/elinformanteperu.com\/index.php\/wp-json\/wp\/v2\/posts\/110624\/revisions\/110626"}],"wp:featuredmedia":[{"embeddable":true,"href":"https:\/\/elinformanteperu.com\/index.php\/wp-json\/wp\/v2\/media\/110625"}],"wp:attachment":[{"href":"https:\/\/elinformanteperu.com\/index.php\/wp-json\/wp\/v2\/media?parent=110624"}],"wp:term":[{"taxonomy":"category","embeddable":true,"href":"https:\/\/elinformanteperu.com\/index.php\/wp-json\/wp\/v2\/categories?post=110624"},{"taxonomy":"post_tag","embeddable":true,"href":"https:\/\/elinformanteperu.com\/index.php\/wp-json\/wp\/v2\/tags?post=110624"}],"curies":[{"name":"wp","href":"https:\/\/api.w.org\/{rel}","templated":true}]}}