{"id":11053,"date":"2017-06-02T00:35:07","date_gmt":"2017-06-02T05:35:07","guid":{"rendered":"http:\/\/elinformanteperu.com\/?p=11053"},"modified":"2017-06-02T00:35:07","modified_gmt":"2017-06-02T05:35:07","slug":"joven-prodigio-del-violin-interpretara-obra-de-max-bruch-en-lima","status":"publish","type":"post","link":"https:\/\/elinformanteperu.com\/index.php\/2017\/06\/02\/joven-prodigio-del-violin-interpretara-obra-de-max-bruch-en-lima\/","title":{"rendered":"Joven prodigio del viol\u00edn interpretar\u00e1 obra de Max Bruch en Lima"},"content":{"rendered":"<p><span style=\"color: #000000;\"><strong>La cita ser\u00e1 este viernes 2 de junio a las 8 p.m. en el Gran Teatro Nacional &#8211; GTN( Av. Javier Prado Este 2225, San Borja)<\/strong><\/span><\/p>\n<p><span style=\"color: #000000;\"><strong>Lima, 01 Junio 2017, (El Informante Per\u00fa).<\/strong>&#8211; Eduardo R\u00edos, violinista peruano que gan\u00f3 el primer premio en el Concurso Sphinx 2015 en Detroit, Estados Unidos, volver\u00e1 al Per\u00fa para dar una \u00fanica presentaci\u00f3n con la Orquesta Sinf\u00f3nica Nacional, y con la que debut\u00f3 como solista, a los 14 a\u00f1os.<\/span><\/p>\n<p><span style=\"color: #000000;\">El joven violinista peruano interpretar\u00e1 la obra maestra del compositor alem\u00e1n Max Bruch: el Concierto para viol\u00edn n\u00b0 1, escrito en 1866. Adem\u00e1s el concierto, que ser\u00e1 dirigido por David del Pino, contar\u00e1 con tres piezas sustanciales del repertorio rom\u00e1ntico germano: Don Juan de Richard Strauss, la Obertura de Tannh\u00e4user de Richard Wagner y la Obertura de Ruy Blas de F\u00e9lix Mendelssohn.<\/span><\/p>\n<p><span style=\"color: #000000;\">Las entradas est\u00e1n a la venta en Teleticket de Wong y Metro, y en la boleter\u00eda del Gran Teatro Nacional. Ni\u00f1os menores de 12 a\u00f1os, j\u00f3venes del Servicio Militar Voluntario, universitarios y estudiantes de institutos superiores, jubilados mayores de 60 a\u00f1os y miembros del CONADIS tienen el 50% de descuento.<\/span><\/p>\n<p><img fetchpriority=\"high\" decoding=\"async\" class=\"aligncenter size-full wp-image-11055\" src=\"http:\/\/elinformanteperu.com\/wp-content\/uploads\/2017\/06\/cultura-eduardo-rios-violinista.jpg\" alt=\"\" width=\"424\" height=\"579\" srcset=\"https:\/\/elinformanteperu.com\/wp-content\/uploads\/2017\/06\/cultura-eduardo-rios-violinista.jpg 424w, https:\/\/elinformanteperu.com\/wp-content\/uploads\/2017\/06\/cultura-eduardo-rios-violinista-220x300.jpg 220w, https:\/\/elinformanteperu.com\/wp-content\/uploads\/2017\/06\/cultura-eduardo-rios-violinista-94x128.jpg 94w, https:\/\/elinformanteperu.com\/wp-content\/uploads\/2017\/06\/cultura-eduardo-rios-violinista-23x32.jpg 23w\" sizes=\"(max-width: 424px) 100vw, 424px\" \/><\/p>\n","protected":false},"excerpt":{"rendered":"<p>La cita ser\u00e1 este viernes 2 de junio a las 8 p.m. en el Gran Teatro Nacional &#8211; GTN( Av. Javier Prado Este 2225, San Borja) Lima, 01 Junio 2017, (El Informante Per\u00fa).&#8211; Eduardo R\u00edos, violinista peruano que gan\u00f3 el primer premio en el Concurso Sphinx 2015 en Detroit, Estados Unidos, volver\u00e1 al Per\u00fa para [&hellip;]<\/p>\n","protected":false},"author":1,"featured_media":11054,"comment_status":"open","ping_status":"open","sticky":false,"template":"","format":"standard","meta":{"rop_custom_images_group":[],"rop_custom_messages_group":[],"rop_publish_now":"initial","rop_publish_now_accounts":[],"rop_publish_now_history":[],"rop_publish_now_status":"pending","footnotes":""},"categories":[69],"tags":[1688,105],"class_list":["post-11053","post","type-post","status-publish","format-standard","has-post-thumbnail","hentry","category-musica","tag-eduardo-rios","tag-ministerio-de-cultura"],"_links":{"self":[{"href":"https:\/\/elinformanteperu.com\/index.php\/wp-json\/wp\/v2\/posts\/11053","targetHints":{"allow":["GET"]}}],"collection":[{"href":"https:\/\/elinformanteperu.com\/index.php\/wp-json\/wp\/v2\/posts"}],"about":[{"href":"https:\/\/elinformanteperu.com\/index.php\/wp-json\/wp\/v2\/types\/post"}],"author":[{"embeddable":true,"href":"https:\/\/elinformanteperu.com\/index.php\/wp-json\/wp\/v2\/users\/1"}],"replies":[{"embeddable":true,"href":"https:\/\/elinformanteperu.com\/index.php\/wp-json\/wp\/v2\/comments?post=11053"}],"version-history":[{"count":1,"href":"https:\/\/elinformanteperu.com\/index.php\/wp-json\/wp\/v2\/posts\/11053\/revisions"}],"predecessor-version":[{"id":11056,"href":"https:\/\/elinformanteperu.com\/index.php\/wp-json\/wp\/v2\/posts\/11053\/revisions\/11056"}],"wp:featuredmedia":[{"embeddable":true,"href":"https:\/\/elinformanteperu.com\/index.php\/wp-json\/wp\/v2\/media\/11054"}],"wp:attachment":[{"href":"https:\/\/elinformanteperu.com\/index.php\/wp-json\/wp\/v2\/media?parent=11053"}],"wp:term":[{"taxonomy":"category","embeddable":true,"href":"https:\/\/elinformanteperu.com\/index.php\/wp-json\/wp\/v2\/categories?post=11053"},{"taxonomy":"post_tag","embeddable":true,"href":"https:\/\/elinformanteperu.com\/index.php\/wp-json\/wp\/v2\/tags?post=11053"}],"curies":[{"name":"wp","href":"https:\/\/api.w.org\/{rel}","templated":true}]}}