{"id":110212,"date":"2022-01-07T22:23:06","date_gmt":"2022-01-08T03:23:06","guid":{"rendered":"https:\/\/elinformanteperu.com\/?p=110212"},"modified":"2022-01-07T22:23:06","modified_gmt":"2022-01-08T03:23:06","slug":"minsa-aumentan-a-332-los-casos-de-contagio-con-la-variante-omicron-a-nivel-nacional","status":"publish","type":"post","link":"https:\/\/elinformanteperu.com\/index.php\/2022\/01\/07\/minsa-aumentan-a-332-los-casos-de-contagio-con-la-variante-omicron-a-nivel-nacional\/","title":{"rendered":"Minsa: aumentan a 332 los casos de contagio con la variante \u00f3micron a nivel nacional"},"content":{"rendered":"<p><strong><span style=\"color: #000000;\">Uno de los nuevos casos se detect\u00f3 en Moquegua<\/span><\/strong><\/p>\n<p><span style=\"color: #000000;\"><strong>Moquegua, 07 Enero 2022, (ANDINA).-<\/strong> Los casos de contagio con la variante \u00f3micron aumentaron a 332 a nivel nacional, con la detecci\u00f3n de 23 infecciones nuevas, una de las cuales se identific\u00f3 en la regi\u00f3n Moquegua, revel\u00f3 hoy el ministro de Salud, Hernando Cevallos Flores.<\/span><\/p>\n<p><span style=\"color: #000000;\">\u00abTenemos 23 casos nuevos de la variante \u00f3micron y hasta este momento suman 332 casos a nivel nacional. De estos casos nuevos, seis corresponden a la regi\u00f3n Arequipa, uno a Cusco y uno a Moquegua. Este incremento nos indica que \u00f3micron va a desplazar a la variante delta en nuestro pa\u00eds en poco tiempo\u00bb, manifest\u00f3 durante su participaci\u00f3n en la conferencia de prensa al t\u00e9rmino de la sesi\u00f3n descentralizada del Consejo de Ministros en la regi\u00f3n Moquegua.<\/span><\/p>\n<p><strong><span style=\"color: #000000;\">Moquegua enfrenta mejor la pandemia<\/span><\/strong><\/p>\n<p><span style=\"color: #000000;\">El titular de Salud destac\u00f3 que la regi\u00f3n Moquegua est\u00e1 enfrentando en mejores condiciones la tercera ola de la pandemia de covid-19 gracias que registra una cobertura de 86.1% en la aplicaci\u00f3n de la segunda dosis de la vacuna, as\u00ed como una importante dotaci\u00f3n de ox\u00edgeno para sus hospitales.<\/span><\/p>\n<p><span style=\"color: #000000;\">\u201cEn el caso de Moquegua hay un elemento que es importante destacar y es la vacunaci\u00f3n, lo que ha hecho que no tengamos una mortalidad importante en esta regi\u00f3n del pa\u00eds. Moquegua, con 86.1%, es una de las regiones que m\u00e1s ha vacunado en el pa\u00eds\u201d, remarc\u00f3 el titular de Salud.<\/span><\/p>\n","protected":false},"excerpt":{"rendered":"<p>Uno de los nuevos casos se detect\u00f3 en Moquegua Moquegua, 07 Enero 2022, (ANDINA).- Los casos de contagio con la variante \u00f3micron aumentaron a 332 a nivel nacional, con la detecci\u00f3n de 23 infecciones nuevas, una de las cuales se identific\u00f3 en la regi\u00f3n Moquegua, revel\u00f3 hoy el ministro de Salud, Hernando Cevallos Flores. \u00abTenemos [&hellip;]<\/p>\n","protected":false},"author":1,"featured_media":110213,"comment_status":"closed","ping_status":"closed","sticky":false,"template":"","format":"standard","meta":{"rop_custom_images_group":[],"rop_custom_messages_group":[],"rop_publish_now":"initial","rop_publish_now_accounts":[],"rop_publish_now_history":[],"rop_publish_now_status":"pending","footnotes":""},"categories":[10,5745],"tags":[1882,388,431,6918,6946],"class_list":["post-110212","post","type-post","status-publish","format-standard","has-post-thumbnail","hentry","category-actualidad-municipal","category-lo-ultimo","tag-hernando-cevallos","tag-ministerio-de-salud","tag-minsa","tag-omicron","tag-variante-omicron"],"_links":{"self":[{"href":"https:\/\/elinformanteperu.com\/index.php\/wp-json\/wp\/v2\/posts\/110212","targetHints":{"allow":["GET"]}}],"collection":[{"href":"https:\/\/elinformanteperu.com\/index.php\/wp-json\/wp\/v2\/posts"}],"about":[{"href":"https:\/\/elinformanteperu.com\/index.php\/wp-json\/wp\/v2\/types\/post"}],"author":[{"embeddable":true,"href":"https:\/\/elinformanteperu.com\/index.php\/wp-json\/wp\/v2\/users\/1"}],"replies":[{"embeddable":true,"href":"https:\/\/elinformanteperu.com\/index.php\/wp-json\/wp\/v2\/comments?post=110212"}],"version-history":[{"count":1,"href":"https:\/\/elinformanteperu.com\/index.php\/wp-json\/wp\/v2\/posts\/110212\/revisions"}],"predecessor-version":[{"id":110214,"href":"https:\/\/elinformanteperu.com\/index.php\/wp-json\/wp\/v2\/posts\/110212\/revisions\/110214"}],"wp:featuredmedia":[{"embeddable":true,"href":"https:\/\/elinformanteperu.com\/index.php\/wp-json\/wp\/v2\/media\/110213"}],"wp:attachment":[{"href":"https:\/\/elinformanteperu.com\/index.php\/wp-json\/wp\/v2\/media?parent=110212"}],"wp:term":[{"taxonomy":"category","embeddable":true,"href":"https:\/\/elinformanteperu.com\/index.php\/wp-json\/wp\/v2\/categories?post=110212"},{"taxonomy":"post_tag","embeddable":true,"href":"https:\/\/elinformanteperu.com\/index.php\/wp-json\/wp\/v2\/tags?post=110212"}],"curies":[{"name":"wp","href":"https:\/\/api.w.org\/{rel}","templated":true}]}}