{"id":110182,"date":"2022-01-07T00:35:14","date_gmt":"2022-01-07T05:35:14","guid":{"rendered":"https:\/\/elinformanteperu.com\/?p=110182"},"modified":"2022-01-07T00:35:14","modified_gmt":"2022-01-07T05:35:14","slug":"presidente-de-la-ampe-pide-que-alcaldes-lideren-comandos-covid-19-locales","status":"publish","type":"post","link":"https:\/\/elinformanteperu.com\/index.php\/2022\/01\/07\/presidente-de-la-ampe-pide-que-alcaldes-lideren-comandos-covid-19-locales\/","title":{"rendered":"Presidente de la Ampe pide que alcaldes lideren comandos covid-19 locales"},"content":{"rendered":"<p><span style=\"color: #000000;\"><strong>Lima, 06 Enero 2022, (ANDINA).-<\/strong> El presidente de la Asociaci\u00f3n de Municipalidades del Per\u00fa (Ampe), \u00c1lvaro Paz de la Barra, consider\u00f3 necesario que los alcaldes asuman el control de los comandos covid-19 locales, a fin de cerrar las brechas locales de bolsones de los no vacunados.<\/span><\/p>\n<p><span style=\"color: #000000;\">Tambi\u00e9n para trabajar estrategias normativas, pol\u00edticas locales diferenciadas, estrategias comunicacionales, y dem\u00e1s aspectos de \u00edndole territorial respecto a la lucha contra el covid-19, agreg\u00f3 al referirse al inicio de la tercera ola en Per\u00fa.<\/span><\/p>\n<p><span style=\"color: #000000;\">El objetivo tambi\u00e9n es luchar contra la pandemia de manera inteligente sin chocar con el crecimiento y reactivaci\u00f3n econ\u00f3mica del pa\u00eds, manifest\u00f3 en una carta p\u00fablica dirigida al Presidente de la Rep\u00fablica, Pedro Castillo.<\/span><\/p>\n<p><span style=\"color: #000000;\">\u201cSomos tres niveles de gobierno, y los gobiernos locales deber\u00edamos de participar en la toma de decisiones. No cometa los errores de los dos gobiernos anteriores. En Lima y el pa\u00eds hay experiencias de gobiernos locales exitosas que deben ser replicadas. Urge un Consejo de Estado de ancha base\u201d, acot\u00f3.<\/span><\/p>\n<p><span style=\"color: #000000;\">Paz de la Barra remarc\u00f3 que en esta tercera ola el temor ya no est\u00e1 en la falta de ox\u00edgeno, sino en los adultos mayores, los menores de 18 a\u00f1os y las personas que se niegan a vacunarse.<\/span><\/p>\n<p><span style=\"color: #000000;\">\u201cTenemos que pedir ampliaci\u00f3n de facultades en la conducci\u00f3n y operatividad del \u00e1rea de salud para ser m\u00e1s r\u00e1pidos y eficientes, dado que no hay informaci\u00f3n hacia los gobiernos locales, de qui\u00e9nes o cu\u00e1ntos son los que no quieren vacunarse, esto servir\u00eda para idear estrategias y normativas en cada localidad\u201d, subray\u00f3 el tambi\u00e9n alcalde de La Molina al insistir en su planteamiento.<\/span><\/p>\n<p><span style=\"color: #000000;\">Refiri\u00f3 que en medio de una tr\u00e1gica crispaci\u00f3n pol\u00edtica es necesario sumar esfuerzos no solo desde los gobiernos locales y regionales, sino tambi\u00e9n desde el sector privado.<\/span><\/p>\n","protected":false},"excerpt":{"rendered":"<p>Lima, 06 Enero 2022, (ANDINA).- El presidente de la Asociaci\u00f3n de Municipalidades del Per\u00fa (Ampe), \u00c1lvaro Paz de la Barra, consider\u00f3 necesario que los alcaldes asuman el control de los comandos covid-19 locales, a fin de cerrar las brechas locales de bolsones de los no vacunados. Tambi\u00e9n para trabajar estrategias normativas, pol\u00edticas locales diferenciadas, estrategias [&hellip;]<\/p>\n","protected":false},"author":1,"featured_media":94975,"comment_status":"closed","ping_status":"closed","sticky":false,"template":"","format":"standard","meta":{"rop_custom_images_group":[],"rop_custom_messages_group":[],"rop_publish_now":"initial","rop_publish_now_accounts":[],"rop_publish_now_history":[],"rop_publish_now_status":"pending","footnotes":""},"categories":[5],"tags":[3994,770,6808],"class_list":["post-110182","post","type-post","status-publish","format-standard","has-post-thumbnail","hentry","category-actualidad-informativa","tag-alvaro-paz-de-la-barra","tag-ampe","tag-elecciones-municipales-2022"],"_links":{"self":[{"href":"https:\/\/elinformanteperu.com\/index.php\/wp-json\/wp\/v2\/posts\/110182","targetHints":{"allow":["GET"]}}],"collection":[{"href":"https:\/\/elinformanteperu.com\/index.php\/wp-json\/wp\/v2\/posts"}],"about":[{"href":"https:\/\/elinformanteperu.com\/index.php\/wp-json\/wp\/v2\/types\/post"}],"author":[{"embeddable":true,"href":"https:\/\/elinformanteperu.com\/index.php\/wp-json\/wp\/v2\/users\/1"}],"replies":[{"embeddable":true,"href":"https:\/\/elinformanteperu.com\/index.php\/wp-json\/wp\/v2\/comments?post=110182"}],"version-history":[{"count":1,"href":"https:\/\/elinformanteperu.com\/index.php\/wp-json\/wp\/v2\/posts\/110182\/revisions"}],"predecessor-version":[{"id":110183,"href":"https:\/\/elinformanteperu.com\/index.php\/wp-json\/wp\/v2\/posts\/110182\/revisions\/110183"}],"wp:featuredmedia":[{"embeddable":true,"href":"https:\/\/elinformanteperu.com\/index.php\/wp-json\/wp\/v2\/media\/94975"}],"wp:attachment":[{"href":"https:\/\/elinformanteperu.com\/index.php\/wp-json\/wp\/v2\/media?parent=110182"}],"wp:term":[{"taxonomy":"category","embeddable":true,"href":"https:\/\/elinformanteperu.com\/index.php\/wp-json\/wp\/v2\/categories?post=110182"},{"taxonomy":"post_tag","embeddable":true,"href":"https:\/\/elinformanteperu.com\/index.php\/wp-json\/wp\/v2\/tags?post=110182"}],"curies":[{"name":"wp","href":"https:\/\/api.w.org\/{rel}","templated":true}]}}