{"id":109625,"date":"2021-12-15T23:14:00","date_gmt":"2021-12-16T04:14:00","guid":{"rendered":"https:\/\/elinformanteperu.com\/?p=109625"},"modified":"2021-12-15T23:14:00","modified_gmt":"2021-12-16T04:14:00","slug":"messi-y-el-sentido-mensaje-al-kun-aguero-te-voy-a-extranar-muchisimo","status":"publish","type":"post","link":"https:\/\/elinformanteperu.com\/index.php\/2021\/12\/15\/messi-y-el-sentido-mensaje-al-kun-aguero-te-voy-a-extranar-muchisimo\/","title":{"rendered":"Messi y el sentido mensaje al &#8216;Kun&#8217; Ag\u00fcero \u00abte voy a extra\u00f1ar much\u00edsimo\u00bb"},"content":{"rendered":"<p><span style=\"color: #000000;\"><strong>Par\u00eds, 15 Diciembre 2021, (ANDINA).-<\/strong> El astro argentino del Paris Saint-Germain Lionel Messi asegur\u00f3 este mi\u00e9rcoles, tras la retirada de Sergio &#8216;Kun&#8217; Ag\u00fcero, que va a \u00abextra\u00f1ar much\u00edsimo\u00bb jugar con su compa\u00f1ero de selecci\u00f3n.<\/span><\/p>\n<p><span style=\"color: #000000;\">\u00abTe quiero mucho amigo, voy a extra\u00f1ar much\u00edsimo estar con vos adentro de la cancha y cuando nos juntamos con la selecci\u00f3n!!!\u00bb, escribi\u00f3 Messi en su cuenta oficial de Instagram, junto a varias fotos de los dos juntos en distintas etapas de sus carreras.<\/span><\/p>\n<p><span style=\"color: #000000;\">\u00abPr\u00e1cticamente toda una carrera juntos, Kun&#8230; Vivimos momentos muy lindos y otros que no lo fueron tanto, todos ellos nos hicieron cada vez unirnos m\u00e1s y ser m\u00e1s amigos. Y los vamos a seguir viviendo juntos afuera de la cancha\u00bb, afirm\u00f3 Messi tras la retirada de Ag\u00fcero.<\/span><\/p>\n<p><span style=\"color: #000000;\">El delantero del Barcelona anunci\u00f3 este mi\u00e9rcoles que deja de \u00abjugar al f\u00fatbol profesional\u00bb por sus problemas card\u00edacos.<\/span><\/p>\n<p><span style=\"color: #000000;\">\u00abCon la gran alegr\u00eda de levantar la Copa Am\u00e9rica hace tan poquito, con todos los logros que conseguiste en Inglaterra&#8230; Y la verdad que ahora duele mucho ver c\u00f3mo ten\u00e9s que dejar de hacer lo que m\u00e1s te gusta por culpa de lo que te pas\u00f3\u00bb, a\u00f1adi\u00f3 Messi.<\/span><\/p>\n<p><span style=\"color: #000000;\">\u00abSeguro que vas a seguir siendo feliz porque sos una persona que transmite felicidad y los que te queremos vamos a estar con vos\u00bb, asegur\u00f3 el delantero del PSG.<\/span><\/p>\n<p><span style=\"color: #000000;\">\u00abAhora arranca una nueva etapa de tu vida y estoy convencido de que la vas a vivir con una sonrisa y con toda la ilusi\u00f3n que le met\u00e9s a todo\u00bb, escribi\u00f3 Messi, antes de concluir deseando \u00abtodo lo mejor en esta nueva etapa!!!\u00bb a su amigo.<\/span><\/p>\n<blockquote class=\"twitter-tweet\">\n<p dir=\"ltr\" lang=\"es\">\u00abMessi al Kun\u00bb:<br \/>\nPor la publicaci\u00f3n de Lionel Messi en Instagram tras el retiro de Sergio Ag\u00fcero <a href=\"https:\/\/t.co\/7SKxSNkKSL\">pic.twitter.com\/7SKxSNkKSL<\/a><\/p>\n<p>\u2014 \u00bfPor qu\u00e9 es tendencia? (@porquetendencia) <a href=\"https:\/\/twitter.com\/porquetendencia\/status\/1471121114147397636?ref_src=twsrc%5Etfw\">December 15, 2021<\/a><\/p><\/blockquote>\n<p><script async src=\"https:\/\/platform.twitter.com\/widgets.js\" charset=\"utf-8\"><\/script><\/p>\n","protected":false},"excerpt":{"rendered":"<p>Par\u00eds, 15 Diciembre 2021, (ANDINA).- El astro argentino del Paris Saint-Germain Lionel Messi asegur\u00f3 este mi\u00e9rcoles, tras la retirada de Sergio &#8216;Kun&#8217; Ag\u00fcero, que va a \u00abextra\u00f1ar much\u00edsimo\u00bb jugar con su compa\u00f1ero de selecci\u00f3n. \u00abTe quiero mucho amigo, voy a extra\u00f1ar much\u00edsimo estar con vos adentro de la cancha y cuando nos juntamos con la [&hellip;]<\/p>\n","protected":false},"author":1,"featured_media":109626,"comment_status":"closed","ping_status":"closed","sticky":false,"template":"","format":"standard","meta":{"rop_custom_images_group":[],"rop_custom_messages_group":[],"rop_publish_now":"initial","rop_publish_now_accounts":[],"rop_publish_now_history":[],"rop_publish_now_status":"pending","footnotes":""},"categories":[8],"tags":[303,302,2214],"class_list":["post-109625","post","type-post","status-publish","format-standard","has-post-thumbnail","hentry","category-disciplinas-deportivas","tag-barcelona","tag-lionel-messi","tag-sergio-aguero"],"_links":{"self":[{"href":"https:\/\/elinformanteperu.com\/index.php\/wp-json\/wp\/v2\/posts\/109625","targetHints":{"allow":["GET"]}}],"collection":[{"href":"https:\/\/elinformanteperu.com\/index.php\/wp-json\/wp\/v2\/posts"}],"about":[{"href":"https:\/\/elinformanteperu.com\/index.php\/wp-json\/wp\/v2\/types\/post"}],"author":[{"embeddable":true,"href":"https:\/\/elinformanteperu.com\/index.php\/wp-json\/wp\/v2\/users\/1"}],"replies":[{"embeddable":true,"href":"https:\/\/elinformanteperu.com\/index.php\/wp-json\/wp\/v2\/comments?post=109625"}],"version-history":[{"count":1,"href":"https:\/\/elinformanteperu.com\/index.php\/wp-json\/wp\/v2\/posts\/109625\/revisions"}],"predecessor-version":[{"id":109627,"href":"https:\/\/elinformanteperu.com\/index.php\/wp-json\/wp\/v2\/posts\/109625\/revisions\/109627"}],"wp:featuredmedia":[{"embeddable":true,"href":"https:\/\/elinformanteperu.com\/index.php\/wp-json\/wp\/v2\/media\/109626"}],"wp:attachment":[{"href":"https:\/\/elinformanteperu.com\/index.php\/wp-json\/wp\/v2\/media?parent=109625"}],"wp:term":[{"taxonomy":"category","embeddable":true,"href":"https:\/\/elinformanteperu.com\/index.php\/wp-json\/wp\/v2\/categories?post=109625"},{"taxonomy":"post_tag","embeddable":true,"href":"https:\/\/elinformanteperu.com\/index.php\/wp-json\/wp\/v2\/tags?post=109625"}],"curies":[{"name":"wp","href":"https:\/\/api.w.org\/{rel}","templated":true}]}}