{"id":109622,"date":"2021-12-15T22:16:00","date_gmt":"2021-12-16T03:16:00","guid":{"rendered":"https:\/\/elinformanteperu.com\/?p=109622"},"modified":"2021-12-15T22:16:00","modified_gmt":"2021-12-16T03:16:00","slug":"el-mundo-del-futbol-reacciona-tras-el-retiro-de-sergio-kun-aguero","status":"publish","type":"post","link":"https:\/\/elinformanteperu.com\/index.php\/2021\/12\/15\/el-mundo-del-futbol-reacciona-tras-el-retiro-de-sergio-kun-aguero\/","title":{"rendered":"El mundo del f\u00fatbol reacciona tras el retiro de Sergio Kun Ag\u00fcero"},"content":{"rendered":"<p><span style=\"color: #000000;\"><strong>Barcelona, 15 Diciembre 2021, (ANDINA).-<\/strong> Los clubes Atl\u00e9tico de Madrid, Real Madrid y Valencia, LaLiga, la CONMEBOL y el COI enviaron mensajes de \u00e1nimo y reconocimiento al argentino Sergio Kun Ag\u00fcero tras el anuncio de su retirada del f\u00fatbol este mi\u00e9rcoles tras sufrir una afecci\u00f3n card\u00edaca el pasado 30 de octubre en un partido ante el Alav\u00e9s.<\/span><\/p>\n<p><span style=\"color: #000000;\">\u00abEsta ser\u00e1 siempre tu casa. Orgullosos de cruzarnos en tu camino. Te deseamos lo mejor, siempre ser\u00e1s uno de los nuestros\u00bb, escribi\u00f3 en redes sociales el Barcelona, su equipo actual al que se incorpor\u00f3 al inicio de la presente temporada procedente del Manchester City ingl\u00e9s<\/span><\/p>\n<p><span style=\"color: #000000;\">Este, a su vez, sobre una imagen de \u00e9l en la celebraci\u00f3n de un gol estamp\u00f3 el r\u00f3tulo \u00abREY KUN\u00bb, como homenaje al delantero que es el m\u00e1ximo goleador hist\u00f3rico del club con 260 goles.<\/span><\/p>\n<p><span style=\"color: #000000;\">\u00abTodos en el Manchester City queremos aprovechar esta oportunidad para agradecer a Ag\u00fcero su incre\u00edble contribuci\u00f3n a nuestros \u00e9xitos durante la \u00faltima d\u00e9cada y desearle lo mejor en su retirada\u00bb, a\u00f1adi\u00f3.<\/span><\/p>\n<p><span style=\"color: #000000;\">El Atl\u00e9tico de Madrid, primer club en el que actu\u00f3 en la Liga espa\u00f1ola entre 2006 y 2011, tambi\u00e9n le envi\u00f3 sus mejores deseos, igual que hicieron Real Madrid y Valencia entre las primeras reacciones.<\/span><\/p>\n<p><span style=\"color: #000000;\">\u00abFue un honor disfrutar de tu f\u00fatbol vistiendo la rojiblanca. Mucha suerte\u00bb, firm\u00f3 el Atl\u00e9tico, mientras el Real Madrid sostuvo que \u00abFue un honor competir frente a un jugador\u00bb como el argentino, al que defini\u00f3 como \u00abuno de los mejores jugadores del mundo\u00bb y el Valencia le traslad\u00f3 \u00abmucho \u00e1nimo\u00bb y le dese\u00f3 mucha, porque \u00abla salud es lo m\u00e1s importante\u00bb.<\/span><\/p>\n<p><span style=\"color: #000000;\">Entre los organismos LaLiga le agradeci\u00f3 su \u00abf\u00fatbol\u00bb y destac\u00f3 los \u00abrecuerdos eternos en forma de golazos\u00bb; igual que el COI, despu\u00e9s de que Ag\u00fcero se proclamara campe\u00f3n ol\u00edmpico en los Juegos de Pek\u00edn 2008, y la CONMEBOL.<\/span><\/p>\n<p><span style=\"color: #000000;\">\u00abMuchas Gracias, Kun. Tu leyenda se agigantar\u00e1 con el paso del tiempo. Recordaremos con alegr\u00eda tus goles, tu habilidad y tu sonrisa con la pelota en los mejores clubes del mundo y en Argentina. \u00a1Todas las fuerzas en este momento!\u00bb, rubric\u00f3 el organismo.<\/span><\/p>\n<p><span style=\"color: #000000;\">Asimismo, la Asociaci\u00f3n de Futbolistas Espa\u00f1oles (AFE) tambi\u00e9n quiso despedir con honores al delantero argentino.<\/span><\/p>\n<p><span style=\"color: #000000;\">\u00abEnhorabuena por tu carrera deportiva, por tus goles y por todo lo que has aportado al f\u00fatbol. Todos los que formamos parte de AFE, tambi\u00e9n el colectivo de futbolistas al que representamos, te deseamos lo mejor en la nueva etapa que inicias. Gracias Kun\u00bb, destac\u00f3.<\/span><\/p>\n<blockquote class=\"twitter-tweet\">\n<p dir=\"ltr\" lang=\"es\">\u00a1Gracias por Creer En Grande, \u2018Kun\u2019! \u26bd\ufe0f\ud83d\ude4c<\/p>\n<p>\ud83d\uddd2\ufe0f\u27a1\ufe0f\ud83d\udd17 <a href=\"https:\/\/t.co\/5NlTCXTgd2\">https:\/\/t.co\/5NlTCXTgd2<\/a> <a href=\"https:\/\/t.co\/HwjO6EKdbv\">pic.twitter.com\/HwjO6EKdbv<\/a> <a href=\"https:\/\/twitter.com\/hashtag\/CreeEnGrande?src=hash&amp;ref_src=twsrc%5Etfw\">#CreeEnGrande<\/a><\/p>\n<p>\u2014 CONMEBOL.com (@CONMEBOL) <a href=\"https:\/\/twitter.com\/CONMEBOL\/status\/1471093667188424709?ref_src=twsrc%5Etfw\">December 15, 2021<\/a><\/p><\/blockquote>\n<p><script async src=\"https:\/\/platform.twitter.com\/widgets.js\" charset=\"utf-8\"><\/script><\/p>\n","protected":false},"excerpt":{"rendered":"<p>Barcelona, 15 Diciembre 2021, (ANDINA).- Los clubes Atl\u00e9tico de Madrid, Real Madrid y Valencia, LaLiga, la CONMEBOL y el COI enviaron mensajes de \u00e1nimo y reconocimiento al argentino Sergio Kun Ag\u00fcero tras el anuncio de su retirada del f\u00fatbol este mi\u00e9rcoles tras sufrir una afecci\u00f3n card\u00edaca el pasado 30 de octubre en un partido ante [&hellip;]<\/p>\n","protected":false},"author":1,"featured_media":109623,"comment_status":"closed","ping_status":"closed","sticky":false,"template":"","format":"standard","meta":{"rop_custom_images_group":[],"rop_custom_messages_group":[],"rop_publish_now":"initial","rop_publish_now_accounts":[],"rop_publish_now_history":[],"rop_publish_now_status":"pending","footnotes":""},"categories":[8],"tags":[303,2214],"class_list":["post-109622","post","type-post","status-publish","format-standard","has-post-thumbnail","hentry","category-disciplinas-deportivas","tag-barcelona","tag-sergio-aguero"],"_links":{"self":[{"href":"https:\/\/elinformanteperu.com\/index.php\/wp-json\/wp\/v2\/posts\/109622","targetHints":{"allow":["GET"]}}],"collection":[{"href":"https:\/\/elinformanteperu.com\/index.php\/wp-json\/wp\/v2\/posts"}],"about":[{"href":"https:\/\/elinformanteperu.com\/index.php\/wp-json\/wp\/v2\/types\/post"}],"author":[{"embeddable":true,"href":"https:\/\/elinformanteperu.com\/index.php\/wp-json\/wp\/v2\/users\/1"}],"replies":[{"embeddable":true,"href":"https:\/\/elinformanteperu.com\/index.php\/wp-json\/wp\/v2\/comments?post=109622"}],"version-history":[{"count":1,"href":"https:\/\/elinformanteperu.com\/index.php\/wp-json\/wp\/v2\/posts\/109622\/revisions"}],"predecessor-version":[{"id":109624,"href":"https:\/\/elinformanteperu.com\/index.php\/wp-json\/wp\/v2\/posts\/109622\/revisions\/109624"}],"wp:featuredmedia":[{"embeddable":true,"href":"https:\/\/elinformanteperu.com\/index.php\/wp-json\/wp\/v2\/media\/109623"}],"wp:attachment":[{"href":"https:\/\/elinformanteperu.com\/index.php\/wp-json\/wp\/v2\/media?parent=109622"}],"wp:term":[{"taxonomy":"category","embeddable":true,"href":"https:\/\/elinformanteperu.com\/index.php\/wp-json\/wp\/v2\/categories?post=109622"},{"taxonomy":"post_tag","embeddable":true,"href":"https:\/\/elinformanteperu.com\/index.php\/wp-json\/wp\/v2\/tags?post=109622"}],"curies":[{"name":"wp","href":"https:\/\/api.w.org\/{rel}","templated":true}]}}