{"id":109619,"date":"2021-12-15T22:05:50","date_gmt":"2021-12-16T03:05:50","guid":{"rendered":"https:\/\/elinformanteperu.com\/?p=109619"},"modified":"2021-12-15T22:05:50","modified_gmt":"2021-12-16T03:05:50","slug":"sergio-aguero-decide-retirarse-del-futbol-debido-a-una-arritmia-cardiaca","status":"publish","type":"post","link":"https:\/\/elinformanteperu.com\/index.php\/2021\/12\/15\/sergio-aguero-decide-retirarse-del-futbol-debido-a-una-arritmia-cardiaca\/","title":{"rendered":"Sergio Ag\u00fcero decide retirarse del f\u00fatbol debido a una arritmia card\u00edaca"},"content":{"rendered":"<p><span style=\"color: #000000;\"><strong>Barcelona, 15 Diciembre 2021, (ANDINA).-<\/strong> El delantero argentino del Barcelona Sergio &#8216;Kun&#8217; Ag\u00fcero anunci\u00f3 este mi\u00e9rcoles que abandona el f\u00fatbol profesional debido al \u00abproblema\u00bb de coraz\u00f3n que tuvo \u00abhace un mes\u00bb.<\/span><\/p>\n<p><span style=\"color: #000000;\">\u00abEsta conferencia es para comunicarles que he decidido dejar de jugar al f\u00fatbol profesional\u00bb, afirm\u00f3 Ag\u00fcero, muy emocionado, en un acto en el Camp Nou, en el que confirm\u00f3 que los m\u00e9dicos le dijeron que \u00ablo mejor era dejar de jugar\u00bb.<\/span><\/p>\n<p><span style=\"color: #000000;\">\u00abEs un momento muy duro, estoy muy feliz igual por la decisi\u00f3n que tom\u00e9, primero es mi salud\u00bb, afirm\u00f3 Ag\u00fcero, al que le costaba hablar.<\/span><\/p>\n<p><span style=\"color: #000000;\">La pesadilla para el argentino tom\u00f3 forma el pasado 30 de octubre pasado cuando el minuto 40 del partido de Liga contra el Alav\u00e9s en el Camp Nou (1-1) se ech\u00f3 al suelo, mareado y agarr\u00e1ndose el pecho.<\/span><\/p>\n<p><span style=\"color: #000000;\">Atendido sobre el c\u00e9sped por las asistencias, finalmente pudo abandonar el campo por su propio pie y examinado en un hospital se le detect\u00f3 su problema card\u00edaco y se anunci\u00f3 una baja de tres meses.<\/span><\/p>\n<p><span style=\"color: #000000;\">Poco despu\u00e9s, empezaron las primeras especulaciones sobre una retirada definitiva del Kun.<\/span><\/p>\n<p><span style=\"color: #000000;\">El jugador precis\u00f3 este mi\u00e9rcoles que tom\u00f3 \u00abla decisi\u00f3n hace diez d\u00edas, hice todo lo posible para ver si hab\u00eda alguna esperanza, pero no hab\u00eda muchas\u00bb.<\/span><\/p>\n<p><span style=\"color: #000000;\">\u00abEstoy muy orgulloso por mi carrera y muy feliz, siempre he so\u00f1ado jugar al f\u00fatbol desde los cinco a\u00f1os, cuando toqu\u00e9 una pelota\u00bb, a\u00f1adi\u00f3 el delantero azulgrana.<\/span><\/p>\n<p><span style=\"color: #000000;\">\u00abMenos mal que me pas\u00f3 ahora y no antes (m\u00e1s joven)\u00bb, afirm\u00f3 Ag\u00fcero, considerando que deja el f\u00fatbol con una gran carrera tras de s\u00ed.<\/span><\/p>\n<p><span style=\"color: #000000;\">Ag\u00fcero dijo que se tomar\u00e1 ahora un descanso, pero en el futuro espera \u00abseguir vinculado al f\u00fatbol\u00bb.<\/span><\/p>\n<blockquote class=\"twitter-tweet\">\n<p dir=\"ltr\" lang=\"es\">Piel de gallina. \ud83d\ude22<br \/>\nGracias por todo, <a href=\"https:\/\/twitter.com\/aguerosergiokun?ref_src=twsrc%5Etfw\">@aguerosergiokun<\/a>. <a href=\"https:\/\/t.co\/KNIHTg6Pq3\">pic.twitter.com\/KNIHTg6Pq3<\/a><\/p>\n<p>\u2014 FC Barcelona (@FCBarcelona_es) <a href=\"https:\/\/twitter.com\/FCBarcelona_es\/status\/1471080359249039361?ref_src=twsrc%5Etfw\">December 15, 2021<\/a><\/p><\/blockquote>\n<p><script async src=\"https:\/\/platform.twitter.com\/widgets.js\" charset=\"utf-8\"><\/script><\/p>\n","protected":false},"excerpt":{"rendered":"<p>Barcelona, 15 Diciembre 2021, (ANDINA).- El delantero argentino del Barcelona Sergio &#8216;Kun&#8217; Ag\u00fcero anunci\u00f3 este mi\u00e9rcoles que abandona el f\u00fatbol profesional debido al \u00abproblema\u00bb de coraz\u00f3n que tuvo \u00abhace un mes\u00bb. \u00abEsta conferencia es para comunicarles que he decidido dejar de jugar al f\u00fatbol profesional\u00bb, afirm\u00f3 Ag\u00fcero, muy emocionado, en un acto en el Camp [&hellip;]<\/p>\n","protected":false},"author":1,"featured_media":109620,"comment_status":"closed","ping_status":"closed","sticky":false,"template":"","format":"standard","meta":{"rop_custom_images_group":[],"rop_custom_messages_group":[],"rop_publish_now":"initial","rop_publish_now_accounts":[],"rop_publish_now_history":[],"rop_publish_now_status":"pending","footnotes":""},"categories":[8],"tags":[303,2214],"class_list":["post-109619","post","type-post","status-publish","format-standard","has-post-thumbnail","hentry","category-disciplinas-deportivas","tag-barcelona","tag-sergio-aguero"],"_links":{"self":[{"href":"https:\/\/elinformanteperu.com\/index.php\/wp-json\/wp\/v2\/posts\/109619","targetHints":{"allow":["GET"]}}],"collection":[{"href":"https:\/\/elinformanteperu.com\/index.php\/wp-json\/wp\/v2\/posts"}],"about":[{"href":"https:\/\/elinformanteperu.com\/index.php\/wp-json\/wp\/v2\/types\/post"}],"author":[{"embeddable":true,"href":"https:\/\/elinformanteperu.com\/index.php\/wp-json\/wp\/v2\/users\/1"}],"replies":[{"embeddable":true,"href":"https:\/\/elinformanteperu.com\/index.php\/wp-json\/wp\/v2\/comments?post=109619"}],"version-history":[{"count":1,"href":"https:\/\/elinformanteperu.com\/index.php\/wp-json\/wp\/v2\/posts\/109619\/revisions"}],"predecessor-version":[{"id":109621,"href":"https:\/\/elinformanteperu.com\/index.php\/wp-json\/wp\/v2\/posts\/109619\/revisions\/109621"}],"wp:featuredmedia":[{"embeddable":true,"href":"https:\/\/elinformanteperu.com\/index.php\/wp-json\/wp\/v2\/media\/109620"}],"wp:attachment":[{"href":"https:\/\/elinformanteperu.com\/index.php\/wp-json\/wp\/v2\/media?parent=109619"}],"wp:term":[{"taxonomy":"category","embeddable":true,"href":"https:\/\/elinformanteperu.com\/index.php\/wp-json\/wp\/v2\/categories?post=109619"},{"taxonomy":"post_tag","embeddable":true,"href":"https:\/\/elinformanteperu.com\/index.php\/wp-json\/wp\/v2\/tags?post=109619"}],"curies":[{"name":"wp","href":"https:\/\/api.w.org\/{rel}","templated":true}]}}