{"id":109616,"date":"2021-12-15T00:36:47","date_gmt":"2021-12-15T05:36:47","guid":{"rendered":"https:\/\/elinformanteperu.com\/?p=109616"},"modified":"2021-12-15T00:38:59","modified_gmt":"2021-12-15T05:38:59","slug":"presidente-presenta-proyecto-para-descuento-en-recibos-de-luz-de-familias-vulnerables","status":"publish","type":"post","link":"https:\/\/elinformanteperu.com\/index.php\/2021\/12\/15\/presidente-presenta-proyecto-para-descuento-en-recibos-de-luz-de-familias-vulnerables\/","title":{"rendered":"Presidente presenta proyecto para descuento en recibos de luz de familias vulnerables"},"content":{"rendered":"<p><strong><span style=\"color: #000000;\">Ser\u00e1 de hasta 15% y beneficiar\u00e1 a 21 millones de peruanos, seg\u00fan proyecto de ley presentado<\/span><\/strong><\/p>\n<p><span style=\"color: #000000;\"><strong>Lima, 14 Diciembre 2021, (ANDINA).<\/strong>&#8211; El presidente de la Rep\u00fablica, Pedro Castillo, anunci\u00f3 la presentaci\u00f3n de un proyecto de ley que permitir\u00e1 la implementaci\u00f3n de un descuento de hasta 15% en los recibos de electricidad de las familias m\u00e1s vulnerables.<\/span><\/p>\n<p><span style=\"color: #000000;\">Seg\u00fan una publicaci\u00f3n en su cuenta oficial de Twitter, el mandatario indic\u00f3 que esta medida no supone ning\u00fan costo al Tesoro P\u00fablico y beneficiar\u00e1 a m\u00e1s de 21 de millones de peruanos.<\/span><\/p>\n<p><span style=\"color: #000000;\">En ese sentido, solicitan al Congreso de la Rep\u00fablica a trabajar de la mano con el Poder Ejecutivo para \u00abaprobar cuanto antes esta iniciativa a favor de nuestro pueblo\u00bb.<\/span><\/p>\n<p><span style=\"color: #000000;\">\u00abLa situaci\u00f3n econ\u00f3mica por la que atraviesan muchas familias exige que actuemos con sentido de urgencia y justicia\u00bb, refiere en otra publicaci\u00f3n.<\/span><\/p>\n<blockquote class=\"twitter-tweet\">\n<p dir=\"ltr\" lang=\"es\">Queridos compatriotas: hemos presentado un proyecto de ley que implementar\u00e1 un descuento de hasta el 15 % en los recibos de electricidad de las familias m\u00e1s vulnerables. Esta medida no supone ning\u00fan costo al tesoro p\u00fablico y beneficiar\u00e1 a m\u00e1s de 21 millones de peruanos. (1\/2)<\/p>\n<p>\u2014 Pedro Castillo Terrones (@PedroCastilloTe) <a href=\"https:\/\/twitter.com\/PedroCastilloTe\/status\/1470858222928109576?ref_src=twsrc%5Etfw\">December 14, 2021<\/a><\/p><\/blockquote>\n<p><script async src=\"https:\/\/platform.twitter.com\/widgets.js\" charset=\"utf-8\"><\/script><\/p>\n","protected":false},"excerpt":{"rendered":"<p>Ser\u00e1 de hasta 15% y beneficiar\u00e1 a 21 millones de peruanos, seg\u00fan proyecto de ley presentado Lima, 14 Diciembre 2021, (ANDINA).&#8211; El presidente de la Rep\u00fablica, Pedro Castillo, anunci\u00f3 la presentaci\u00f3n de un proyecto de ley que permitir\u00e1 la implementaci\u00f3n de un descuento de hasta 15% en los recibos de electricidad de las familias m\u00e1s [&hellip;]<\/p>\n","protected":false},"author":1,"featured_media":108442,"comment_status":"closed","ping_status":"closed","sticky":false,"template":"","format":"standard","meta":{"rop_custom_images_group":[],"rop_custom_messages_group":[],"rop_publish_now":"initial","rop_publish_now_accounts":[],"rop_publish_now_history":[],"rop_publish_now_status":"pending","footnotes":""},"categories":[5,5745],"tags":[2092],"class_list":["post-109616","post","type-post","status-publish","format-standard","has-post-thumbnail","hentry","category-actualidad-informativa","category-lo-ultimo","tag-pedro-castillo"],"_links":{"self":[{"href":"https:\/\/elinformanteperu.com\/index.php\/wp-json\/wp\/v2\/posts\/109616","targetHints":{"allow":["GET"]}}],"collection":[{"href":"https:\/\/elinformanteperu.com\/index.php\/wp-json\/wp\/v2\/posts"}],"about":[{"href":"https:\/\/elinformanteperu.com\/index.php\/wp-json\/wp\/v2\/types\/post"}],"author":[{"embeddable":true,"href":"https:\/\/elinformanteperu.com\/index.php\/wp-json\/wp\/v2\/users\/1"}],"replies":[{"embeddable":true,"href":"https:\/\/elinformanteperu.com\/index.php\/wp-json\/wp\/v2\/comments?post=109616"}],"version-history":[{"count":1,"href":"https:\/\/elinformanteperu.com\/index.php\/wp-json\/wp\/v2\/posts\/109616\/revisions"}],"predecessor-version":[{"id":109617,"href":"https:\/\/elinformanteperu.com\/index.php\/wp-json\/wp\/v2\/posts\/109616\/revisions\/109617"}],"wp:featuredmedia":[{"embeddable":true,"href":"https:\/\/elinformanteperu.com\/index.php\/wp-json\/wp\/v2\/media\/108442"}],"wp:attachment":[{"href":"https:\/\/elinformanteperu.com\/index.php\/wp-json\/wp\/v2\/media?parent=109616"}],"wp:term":[{"taxonomy":"category","embeddable":true,"href":"https:\/\/elinformanteperu.com\/index.php\/wp-json\/wp\/v2\/categories?post=109616"},{"taxonomy":"post_tag","embeddable":true,"href":"https:\/\/elinformanteperu.com\/index.php\/wp-json\/wp\/v2\/tags?post=109616"}],"curies":[{"name":"wp","href":"https:\/\/api.w.org\/{rel}","templated":true}]}}