{"id":109610,"date":"2021-12-15T00:30:27","date_gmt":"2021-12-15T05:30:27","guid":{"rendered":"https:\/\/elinformanteperu.com\/?p=109610"},"modified":"2021-12-15T00:30:27","modified_gmt":"2021-12-15T05:30:27","slug":"ministerio-de-justicia-se-pronuncia-sobre-dichos-de-alva-en-espana","status":"publish","type":"post","link":"https:\/\/elinformanteperu.com\/index.php\/2021\/12\/15\/ministerio-de-justicia-se-pronuncia-sobre-dichos-de-alva-en-espana\/","title":{"rendered":"Ministerio de Justicia se pronuncia sobre dichos de Alva en Espa\u00f1a"},"content":{"rendered":"<p><span style=\"color: #000000;\"><strong>Lima, 14 Diciembre 2021, (ANDINA).-<\/strong> El Ministerio de Justicia (Minjus) emiti\u00f3 hoy un pronunciamiento en respuesta a lo dicho por la presidenta del Congreso, Mar\u00eda del Carmen Alva, ante la Comisi\u00f3n de Asuntos Exteriores del Congreso de los Diputados de Espa\u00f1a, sobre el proyecto de ley de reforma constitucional presentado por el Ejecutivo.<\/span><\/p>\n<p><span style=\"color: #000000;\">Tras recibir el informe del embajador de Per\u00fa en Espa\u00f1a, en relaci\u00f3n a las declaraciones realizadas por Alva en el sentido que la iniciativa de reforma constitucional presentada por el Poder Ejecutivo \u201cno establece un adecuado equilibrio de poderes entre el Poder Ejecutivo y el Congreso\u201d, el Minjus precis\u00f3 lo siguiente:<\/span><\/p>\n<p><span style=\"color: #000000;\"><strong>1.<\/strong> Las figuras de la vacancia presidencial y la cuesti\u00f3n de confianza tal como est\u00e1n reguladas actualmente han conllevado a que en el \u00faltimo quinquenio seamos testigos de una grave inestabilidad pol\u00edtica, dando lugar a 5 pedidos de vacancia, la renuncia y destituci\u00f3n del presidente de la Rep\u00fablica y la disoluci\u00f3n del Congreso.<\/span><\/p>\n<p><span style=\"color: #000000;\"><strong>2.<\/strong> Frente a ello, el Poder Ejecutivo present\u00f3 el proyecto de ley 474\/2021-PE, que busca precisar la causal de vacancia por incapacidad moral del presidente por la de incapacidad mental, de manera tal que la conducta del presidente pueda ser evaluada sobre la base de criterios objetivos.<\/span><\/p>\n<p><span style=\"color: #000000;\"><strong>3.<\/strong> La propuesta tambi\u00e9n limita la cuesti\u00f3n de confianza solo para asuntos de competencia del Ejecutivo relacionados a la pol\u00edtica general del Gobierno, as\u00ed como proh\u00edbe que esta verse sobre materias exclusivas y excluyentes del Congreso y elimina la cuesti\u00f3n de confianza obligatoria en el voto de investidura.<\/span><\/p>\n<p><span style=\"color: #000000;\"><strong>4.<\/strong> Consecuentemente, esta propuesta mantiene la posibilidad de la vacancia presidencial, de la acusaci\u00f3n del presidente de la Rep\u00fablica, la interpelaci\u00f3n y censura de los ministros por parte del Congreso, mientras que delimita la cuesti\u00f3n de confianza, a fin de buscar un adecuado equilibrio y estabilidad en el manejo pol\u00edtico del pa\u00eds.<\/span><\/p>\n<p><span style=\"color: #000000;\"><strong>5.<\/strong> Esta propuesta respondi\u00f3 al consenso arribado en la sesi\u00f3n 131 del Acuerdo Nacional -donde particip\u00f3 la presidenta del Congreso, Mar\u00eda del Carmen Alva Prieto- en la cual se acord\u00f3 la eliminaci\u00f3n de la incapacidad moral permanente para sustituirla por un juicio pol\u00edtico, as\u00ed como eliminar la cuesti\u00f3n de confianza obligatoria. Esto es lo que hace el mencionado proyecto de ley.<\/span><\/p>\n","protected":false},"excerpt":{"rendered":"<p>Lima, 14 Diciembre 2021, (ANDINA).- El Ministerio de Justicia (Minjus) emiti\u00f3 hoy un pronunciamiento en respuesta a lo dicho por la presidenta del Congreso, Mar\u00eda del Carmen Alva, ante la Comisi\u00f3n de Asuntos Exteriores del Congreso de los Diputados de Espa\u00f1a, sobre el proyecto de ley de reforma constitucional presentado por el Ejecutivo. Tras recibir [&hellip;]<\/p>\n","protected":false},"author":1,"featured_media":109611,"comment_status":"closed","ping_status":"closed","sticky":false,"template":"","format":"standard","meta":{"rop_custom_images_group":[],"rop_custom_messages_group":[],"rop_publish_now":"initial","rop_publish_now_accounts":[],"rop_publish_now_history":[],"rop_publish_now_status":"pending","footnotes":""},"categories":[5],"tags":[6706,166],"class_list":["post-109610","post","type-post","status-publish","format-standard","has-post-thumbnail","hentry","category-actualidad-informativa","tag-maria-del-carmen-alva","tag-ministerio-de-justicia"],"_links":{"self":[{"href":"https:\/\/elinformanteperu.com\/index.php\/wp-json\/wp\/v2\/posts\/109610","targetHints":{"allow":["GET"]}}],"collection":[{"href":"https:\/\/elinformanteperu.com\/index.php\/wp-json\/wp\/v2\/posts"}],"about":[{"href":"https:\/\/elinformanteperu.com\/index.php\/wp-json\/wp\/v2\/types\/post"}],"author":[{"embeddable":true,"href":"https:\/\/elinformanteperu.com\/index.php\/wp-json\/wp\/v2\/users\/1"}],"replies":[{"embeddable":true,"href":"https:\/\/elinformanteperu.com\/index.php\/wp-json\/wp\/v2\/comments?post=109610"}],"version-history":[{"count":1,"href":"https:\/\/elinformanteperu.com\/index.php\/wp-json\/wp\/v2\/posts\/109610\/revisions"}],"predecessor-version":[{"id":109612,"href":"https:\/\/elinformanteperu.com\/index.php\/wp-json\/wp\/v2\/posts\/109610\/revisions\/109612"}],"wp:featuredmedia":[{"embeddable":true,"href":"https:\/\/elinformanteperu.com\/index.php\/wp-json\/wp\/v2\/media\/109611"}],"wp:attachment":[{"href":"https:\/\/elinformanteperu.com\/index.php\/wp-json\/wp\/v2\/media?parent=109610"}],"wp:term":[{"taxonomy":"category","embeddable":true,"href":"https:\/\/elinformanteperu.com\/index.php\/wp-json\/wp\/v2\/categories?post=109610"},{"taxonomy":"post_tag","embeddable":true,"href":"https:\/\/elinformanteperu.com\/index.php\/wp-json\/wp\/v2\/tags?post=109610"}],"curies":[{"name":"wp","href":"https:\/\/api.w.org\/{rel}","templated":true}]}}