{"id":10939,"date":"2017-05-30T22:12:04","date_gmt":"2017-05-31T03:12:04","guid":{"rendered":"http:\/\/elinformanteperu.com\/?p=10939"},"modified":"2017-05-30T22:12:04","modified_gmt":"2017-05-31T03:12:04","slug":"juan-vargas-quiero-retirarme-en-universitario-y-la-seleccion-siempre-estara-presente","status":"publish","type":"post","link":"https:\/\/elinformanteperu.com\/index.php\/2017\/05\/30\/juan-vargas-quiero-retirarme-en-universitario-y-la-seleccion-siempre-estara-presente\/","title":{"rendered":"Juan Vargas: \u00abQuiero retirarme en Universitario y la selecci\u00f3n siempre estar\u00e1 presente\u00bb"},"content":{"rendered":"<p><span style=\"color: #000000;\"><strong>El jugador de Universitario de Deportes, Juan Vargas, asegur\u00f3 que mantiene la idea de retirarse del f\u00fatbol vistiendo la camiseta crema.<\/strong><\/span><\/p>\n<p><span style=\"color: #000000;\"><strong>Lima, 30 Mayo 2017, (ANDINA).-<\/strong> El jugador de Universitario de Deportes, Juan Vargas, asegur\u00f3 que mantiene la idea de retirarse del f\u00fatbol vistiendo la camiseta crema y que a sus 33 a\u00f1os todav\u00eda tiene la ilusi\u00f3n de volver a ser parte de la selecci\u00f3n peruana.<\/span><\/p>\n<p><span style=\"color: #000000;\">Juan Vargas, quien viene recuperando su nivel futbol\u00edstico y eso lo demostr\u00f3 en el triunfo de Universitario ante Uni\u00f3n Comercio, dijo que se siente c\u00f3modo en el club merengue y no ocult\u00f3 su deseo de retirarse con la camiseta de sus amores.<\/span><\/p>\n<p><span style=\"color: #000000;\">\u00abMe siento muy c\u00f3modo y feliz de jugar por el club que soy hincha y no oculto mi deseo de retirarme alg\u00fan d\u00eda luciendo estos colores, pero eso ya no depende tanto de m\u00ed. Por ahora, lo dejo todo en cada entrenamiento para que las cosas me salgan bien en los encuentros. No tengan ninguna duda de que agarrar\u00e9 m\u00e1s ritmo con el paso de los partidos\u00bb.<\/span><\/p>\n<p><span style=\"color: #000000;\">El capit\u00e1n de Universitario no ocult\u00f3 su deseo de volver alg\u00fan d\u00eda a la selecci\u00f3n peruana, ya que ello siempre est\u00e1 presente en todo jugador.<\/span><\/p>\n<p><span style=\"color: #000000;\">\u00abA mis 33 a\u00f1os trabajo en el d\u00eda a d\u00eda y trato de entrenar cada vez mejor. El tema de la selecci\u00f3n siempre estar\u00e1 presente para cualquier jugador, pero hay elementos que en el d\u00eda de hoy &#8216;matan&#8217; por estar ah\u00ed y bien merecido se tienen sus convocatorias\u00bb, manifest\u00f3.<\/span><\/p>\n<p><span style=\"color: #000000;\">Sobre la posibilidad de que se postergue el partido ante Alianza Lima, Juan Vargas coment\u00f3 que Universitario posee una plantilla de 28 o 30 futbolistas que pueden afrontar bien el cl\u00e1sico del s\u00e1bado 3 de junio.<\/span><\/p>\n<p><span style=\"color: #000000;\">\u00abSeguimos entrenando pensando en que el s\u00e1bado jugaremos el cl\u00e1sico ante Alianza. Sin convocados o con ellos, pienso que contamos con un plantel de buen nivel y no tengo ninguna duda de que los que jueguen lo har\u00e1n de la mejor manera. Si no se programa el partido, ese ya es tema de las autoridades, pero si se da, hay que jugarlo igual\u00bb, manifest\u00f3 el lateral.<\/span><\/p>\n<p><span style=\"color: #000000;\">Por \u00faltimo, Juan Vargas dese\u00f3 suerte a Alianza Lima en su partido que afrontar\u00e1 ante el Independiente de Avellaneda por la Copa Sudamericana. \u00abEs un equipo peruano y Dios quiera que clasifique a la siguiente fase\u00bb, culmin\u00f3 el jugador de Universitario de Deportes.<\/span><\/p>\n<p><img fetchpriority=\"high\" decoding=\"async\" class=\"aligncenter size-full wp-image-6691\" src=\"http:\/\/elinformanteperu.com\/wp-content\/uploads\/2017\/02\/juan-vargas1-universitario.jpg\" alt=\"\" width=\"1800\" height=\"1200\" srcset=\"https:\/\/elinformanteperu.com\/wp-content\/uploads\/2017\/02\/juan-vargas1-universitario.jpg 1800w, https:\/\/elinformanteperu.com\/wp-content\/uploads\/2017\/02\/juan-vargas1-universitario-300x200.jpg 300w, https:\/\/elinformanteperu.com\/wp-content\/uploads\/2017\/02\/juan-vargas1-universitario-768x512.jpg 768w, https:\/\/elinformanteperu.com\/wp-content\/uploads\/2017\/02\/juan-vargas1-universitario-1024x683.jpg 1024w, https:\/\/elinformanteperu.com\/wp-content\/uploads\/2017\/02\/juan-vargas1-universitario-128x85.jpg 128w, https:\/\/elinformanteperu.com\/wp-content\/uploads\/2017\/02\/juan-vargas1-universitario-32x21.jpg 32w\" sizes=\"(max-width: 1800px) 100vw, 1800px\" \/><\/p>\n","protected":false},"excerpt":{"rendered":"<p>El jugador de Universitario de Deportes, Juan Vargas, asegur\u00f3 que mantiene la idea de retirarse del f\u00fatbol vistiendo la camiseta crema. Lima, 30 Mayo 2017, (ANDINA).- El jugador de Universitario de Deportes, Juan Vargas, asegur\u00f3 que mantiene la idea de retirarse del f\u00fatbol vistiendo la camiseta crema y que a sus 33 a\u00f1os todav\u00eda tiene [&hellip;]<\/p>\n","protected":false},"author":1,"featured_media":5749,"comment_status":"open","ping_status":"open","sticky":false,"template":"","format":"standard","meta":{"rop_custom_images_group":[],"rop_custom_messages_group":[],"rop_publish_now":"initial","rop_publish_now_accounts":[],"rop_publish_now_history":[],"rop_publish_now_status":"pending","footnotes":""},"categories":[8],"tags":[725,144],"class_list":["post-10939","post","type-post","status-publish","format-standard","has-post-thumbnail","hentry","category-disciplinas-deportivas","tag-juan-vargas","tag-universitario-de-deportes"],"_links":{"self":[{"href":"https:\/\/elinformanteperu.com\/index.php\/wp-json\/wp\/v2\/posts\/10939","targetHints":{"allow":["GET"]}}],"collection":[{"href":"https:\/\/elinformanteperu.com\/index.php\/wp-json\/wp\/v2\/posts"}],"about":[{"href":"https:\/\/elinformanteperu.com\/index.php\/wp-json\/wp\/v2\/types\/post"}],"author":[{"embeddable":true,"href":"https:\/\/elinformanteperu.com\/index.php\/wp-json\/wp\/v2\/users\/1"}],"replies":[{"embeddable":true,"href":"https:\/\/elinformanteperu.com\/index.php\/wp-json\/wp\/v2\/comments?post=10939"}],"version-history":[{"count":1,"href":"https:\/\/elinformanteperu.com\/index.php\/wp-json\/wp\/v2\/posts\/10939\/revisions"}],"predecessor-version":[{"id":10940,"href":"https:\/\/elinformanteperu.com\/index.php\/wp-json\/wp\/v2\/posts\/10939\/revisions\/10940"}],"wp:featuredmedia":[{"embeddable":true,"href":"https:\/\/elinformanteperu.com\/index.php\/wp-json\/wp\/v2\/media\/5749"}],"wp:attachment":[{"href":"https:\/\/elinformanteperu.com\/index.php\/wp-json\/wp\/v2\/media?parent=10939"}],"wp:term":[{"taxonomy":"category","embeddable":true,"href":"https:\/\/elinformanteperu.com\/index.php\/wp-json\/wp\/v2\/categories?post=10939"},{"taxonomy":"post_tag","embeddable":true,"href":"https:\/\/elinformanteperu.com\/index.php\/wp-json\/wp\/v2\/tags?post=10939"}],"curies":[{"name":"wp","href":"https:\/\/api.w.org\/{rel}","templated":true}]}}