{"id":10934,"date":"2017-05-30T21:52:05","date_gmt":"2017-05-31T02:52:05","guid":{"rendered":"http:\/\/elinformanteperu.com\/?p=10934"},"modified":"2017-05-30T21:52:05","modified_gmt":"2017-05-31T02:52:05","slug":"liga-de-campeones-cristiano-ronaldo-asegura-que-real-madrid-es-mejor-que-la-juventus","status":"publish","type":"post","link":"https:\/\/elinformanteperu.com\/index.php\/2017\/05\/30\/liga-de-campeones-cristiano-ronaldo-asegura-que-real-madrid-es-mejor-que-la-juventus\/","title":{"rendered":"Liga de Campeones: Cristiano Ronaldo asegura que Real Madrid es mejor que la Juventus"},"content":{"rendered":"<p><span style=\"color: #000000;\"><strong>El astro portugu\u00e9s del Real Madrid, Cristiano Ronaldo afirm\u00f3 que el Real Madrid es mejor que la Juventus, \u00abpero hay que demostrarlo\u00bb el s\u00e1bado en la final de la Liga de Campeones.<\/strong><\/span><\/p>\n<p><span style=\"color: #000000;\"><strong>Madrid, 30 Mayo 2017, (ANDINA).-<\/strong> El astro portugu\u00e9s del Real Madrid Cristiano Ronaldo afirm\u00f3 que el Real Madrid es mejor que la Juventus, \u00abpero hay que demostrarlo\u00bb el s\u00e1bado en la final de la Liga de Campeones contra el equipo italiano en Cardiff.<\/span><\/p>\n<p><span style=\"color: #000000;\">\u00abTenemos que mostrar nuestra actitud y nuestro car\u00e1cter y demostrarles quien es el mejor, y en mi opini\u00f3n, somos mejores que ellos, pero hay que demostrarlo porque sabemos que la Juventus es un equipo excelente\u00bb, dijo este martes Cristiano Ronaldo en el d\u00eda abierto a los medios con vistas a la final de &#8216;Champions&#8217;.<\/span><\/p>\n<p><span style=\"color: #000000;\">\u00abEl equipo est\u00e1 en un momento dulce y hay que aprovecharlo\u00bb, a\u00f1adi\u00f3 el delantero luso a los micr\u00f3fonos de Real Madrid TV.<\/span><\/p>\n<p><span style=\"color: #000000;\">\u00abQuer\u00edamos mucho ganar la Liga y eso nos tranquilizo mucho y ahora sabemos que tenemos una oportunidad \u00fanica y es un r\u00e9cord que tambi\u00e9n queremos, ser el primer equipo en ganar dos veces consecutivas\u00bb la Liga de Campeones en su actual formato, dijo.<\/span><\/p>\n<p><span style=\"color: #000000;\">\u00abEstamos en un momento extraordinario, el s\u00e1bado ser\u00e1 una noche bonita y espero que el Real Madrid pueda ganar\u00bb, insisti\u00f3, considerando que la clave de la victoria ser\u00e1 \u00abmarcar gol y no sufrir\u00bb.<\/span><\/p>\n<p><span style=\"color: #000000;\">El delantero portugu\u00e9s se refiri\u00f3 a su propio estado de forma asegurando que se siente bien.<\/span><\/p>\n<p><span style=\"color: #000000;\">\u00abA lo mejor es el momento que mejor me siento a nivel f\u00edsico. Me acuerdo que en las dos, tres \u00faltimas temporadas llegaba al final un poco cansado porque jugaba tambi\u00e9n m\u00e1s. Este a\u00f1o ha sido diferente por la gesti\u00f3n que he tenido\u00bb, dijo, en referencia a las rotaciones aplicadas por el t\u00e9cnico Zinedine Zidane, que le hizo descansar en varios encuentros.<\/span><\/p>\n<p><span style=\"color: #000000;\">\u00abFue una gesti\u00f3n muy inteligente por parte del entrenador porque todos tuvieron minutos, todos jugaron, todos contribuyeron, me siento mejor que en los \u00faltimos a\u00f1os\u00bb, a\u00f1adi\u00f3 Cristiano.<\/span><\/p>\n<p><span style=\"color: #000000;\">\u00abPor eso, espero poder ayudar al equipo el s\u00e1bado con una buena exhibici\u00f3n, con goles si es posible, sabemos que despu\u00e9s tengo la Copa de las Confederaciones y quiero estar bien, pero llego en un momento dulce y me siento bien f\u00edsicamente\u00bb, sentenci\u00f3, insistiendo en que \u00abtengo la sensaci\u00f3n de que vamos a hacer un partido bueno y vamos a ganar\u00bb.<\/span><\/p>\n<p><img fetchpriority=\"high\" decoding=\"async\" class=\"aligncenter size-full wp-image-9333\" src=\"http:\/\/elinformanteperu.com\/wp-content\/uploads\/2017\/05\/ronaldo-real-atletic-champions.jpg\" alt=\"\" width=\"667\" height=\"457\" srcset=\"https:\/\/elinformanteperu.com\/wp-content\/uploads\/2017\/05\/ronaldo-real-atletic-champions.jpg 667w, https:\/\/elinformanteperu.com\/wp-content\/uploads\/2017\/05\/ronaldo-real-atletic-champions-300x206.jpg 300w, https:\/\/elinformanteperu.com\/wp-content\/uploads\/2017\/05\/ronaldo-real-atletic-champions-128x88.jpg 128w, https:\/\/elinformanteperu.com\/wp-content\/uploads\/2017\/05\/ronaldo-real-atletic-champions-32x22.jpg 32w\" sizes=\"(max-width: 667px) 100vw, 667px\" \/><\/p>\n","protected":false},"excerpt":{"rendered":"<p>El astro portugu\u00e9s del Real Madrid, Cristiano Ronaldo afirm\u00f3 que el Real Madrid es mejor que la Juventus, \u00abpero hay que demostrarlo\u00bb el s\u00e1bado en la final de la Liga de Campeones. Madrid, 30 Mayo 2017, (ANDINA).- El astro portugu\u00e9s del Real Madrid Cristiano Ronaldo afirm\u00f3 que el Real Madrid es mejor que la Juventus, [&hellip;]<\/p>\n","protected":false},"author":1,"featured_media":3525,"comment_status":"open","ping_status":"open","sticky":false,"template":"","format":"standard","meta":{"rop_custom_images_group":[],"rop_custom_messages_group":[],"rop_publish_now":"initial","rop_publish_now_accounts":[],"rop_publish_now_history":[],"rop_publish_now_status":"pending","footnotes":""},"categories":[8],"tags":[234,423],"class_list":["post-10934","post","type-post","status-publish","format-standard","has-post-thumbnail","hentry","category-disciplinas-deportivas","tag-cristiano-ronaldo","tag-real-madrid"],"_links":{"self":[{"href":"https:\/\/elinformanteperu.com\/index.php\/wp-json\/wp\/v2\/posts\/10934","targetHints":{"allow":["GET"]}}],"collection":[{"href":"https:\/\/elinformanteperu.com\/index.php\/wp-json\/wp\/v2\/posts"}],"about":[{"href":"https:\/\/elinformanteperu.com\/index.php\/wp-json\/wp\/v2\/types\/post"}],"author":[{"embeddable":true,"href":"https:\/\/elinformanteperu.com\/index.php\/wp-json\/wp\/v2\/users\/1"}],"replies":[{"embeddable":true,"href":"https:\/\/elinformanteperu.com\/index.php\/wp-json\/wp\/v2\/comments?post=10934"}],"version-history":[{"count":1,"href":"https:\/\/elinformanteperu.com\/index.php\/wp-json\/wp\/v2\/posts\/10934\/revisions"}],"predecessor-version":[{"id":10935,"href":"https:\/\/elinformanteperu.com\/index.php\/wp-json\/wp\/v2\/posts\/10934\/revisions\/10935"}],"wp:featuredmedia":[{"embeddable":true,"href":"https:\/\/elinformanteperu.com\/index.php\/wp-json\/wp\/v2\/media\/3525"}],"wp:attachment":[{"href":"https:\/\/elinformanteperu.com\/index.php\/wp-json\/wp\/v2\/media?parent=10934"}],"wp:term":[{"taxonomy":"category","embeddable":true,"href":"https:\/\/elinformanteperu.com\/index.php\/wp-json\/wp\/v2\/categories?post=10934"},{"taxonomy":"post_tag","embeddable":true,"href":"https:\/\/elinformanteperu.com\/index.php\/wp-json\/wp\/v2\/tags?post=10934"}],"curies":[{"name":"wp","href":"https:\/\/api.w.org\/{rel}","templated":true}]}}