{"id":109338,"date":"2021-12-09T22:02:28","date_gmt":"2021-12-10T03:02:28","guid":{"rendered":"https:\/\/elinformanteperu.com\/?p=109338"},"modified":"2021-12-09T22:02:28","modified_gmt":"2021-12-10T03:02:28","slug":"manco-capac-estreno-de-la-cinta-nacional-que-genera-expectativa","status":"publish","type":"post","link":"https:\/\/elinformanteperu.com\/index.php\/2021\/12\/09\/manco-capac-estreno-de-la-cinta-nacional-que-genera-expectativa\/","title":{"rendered":"Manco C\u00e1pac: estreno de la cinta nacional que genera expectativa"},"content":{"rendered":"<p><span style=\"color: #000000;\"><strong>Lima, 09 Diciembre 2021, (El Informante Per\u00fa).-<\/strong> Manco C\u00e1pac, la pel\u00edcula dirigida por el cineasta pune\u00f1o Henry Vallejo, llega a las salas de cine, seleccionada para que represente al Per\u00fa en la carrera del Oscar 2022, figura en el ranking de las top 20 de la Revista Variety, una de las publicaciones cinematogr\u00e1ficas m\u00e1s influyentes del mundo, que la destaca en sus predicciones entre las favoritas para ser nominadas a Mejor Pel\u00edcula Extranjera.<\/span><\/p>\n<p><span style=\"color: #000000;\">La pel\u00edcula filmada \u00edntegramente en Puno, en espa\u00f1ol y quechua est\u00e1 protagonizado por el actor pune\u00f1o Jes\u00fas Luque, narra la historia de Elisb\u00e1n, un joven que viaja del campo a la ciudad en busca de trabajo para poder estudiar, sin imaginar la dura aventura que tendr\u00e1 que afrontar como migrante, cuando no encuentre al amigo que prometi\u00f3 ayudarlo. Solo y sin dinero, en medio de una ciudad que lo agrede a cada paso y que lo ignora con feroz indiferencia, Elisb\u00e1n no se rinde y armado de dignidad, sigue defendiendo sus sue\u00f1os.<\/span><\/p>\n<p><a href=\"https:\/\/elinformanteperu.com\/wp-content\/uploads\/2021\/12\/manco-capac-premiere1.jpg\"><img fetchpriority=\"high\" decoding=\"async\" class=\"size-full wp-image-109340 aligncenter\" src=\"https:\/\/elinformanteperu.com\/wp-content\/uploads\/2021\/12\/manco-capac-premiere1.jpg\" alt=\"\" width=\"824\" height=\"443\" srcset=\"https:\/\/elinformanteperu.com\/wp-content\/uploads\/2021\/12\/manco-capac-premiere1.jpg 824w, https:\/\/elinformanteperu.com\/wp-content\/uploads\/2021\/12\/manco-capac-premiere1-300x161.jpg 300w, https:\/\/elinformanteperu.com\/wp-content\/uploads\/2021\/12\/manco-capac-premiere1-768x413.jpg 768w\" sizes=\"(max-width: 824px) 100vw, 824px\" \/><\/a><span style=\"color: #000000;\">Se trata de una pel\u00edcula de fina sensibilidad que rescata lo mejor del esp\u00edritu humano, encarnado en su humilde protagonista; que evidencia el desprecio cruel de la gente que lo rodea y una realidad que no es ajena a ning\u00fan peruano. Un poema visual con un mensaje social y universal. Su narrativa permite al espectador acompa\u00f1ar a Elisb\u00e1n en un recorrido misterioso e inquietante. Jes\u00fas Luque logra transmitir el sentir de su personaje casi sin palabras pero con una fuerza sorprendente. Filmada sin artilugios, con el transcurrir agitado de la vida cotidiana de la urbe y sus sonidos como fondo, Manco C\u00e1pac se film\u00f3 en panavisi\u00f3n para ser disfrutada en cines, en pantalla grande, y as\u00ed apreciarla en toda su belleza y dimensi\u00f3n.<\/span><\/p>\n<p><span style=\"color: #000000;\">Concebida como una empresa familiar, la pel\u00edcula cont\u00f3 con la participaci\u00f3n de Henry Vallejo y sus hermanos que se integraron como equipo. Sobre los inicios hace once a\u00f1os, el director comenta: \u201cUn d\u00eda de setiembre de 2010, comenzamos a so\u00f1ar y escribir una historia que no ten\u00eda nombre, no sab\u00edamos c\u00f3mo llamarla. Lo \u00fanico que sab\u00edamos era que quer\u00edamos contar una historia sencilla, socialmente relevante, desafiante y que le hiciera un peque\u00f1o homenaje a los incas. El conflicto de esta historia prescinde de todo el sensacionalismo muy utilizado en el cine, esperando que el espectador descubra lo que no se dice pero que est\u00e1 sugerido. Y hay que mirarla con atenci\u00f3n si se quiere descubrir su verdadera belleza\u201d.<\/span><\/p>\n<p><a href=\"https:\/\/elinformanteperu.com\/wp-content\/uploads\/2021\/12\/manco-capac-premiere2.jpg\"><img decoding=\"async\" class=\"size-full wp-image-109341 aligncenter\" src=\"https:\/\/elinformanteperu.com\/wp-content\/uploads\/2021\/12\/manco-capac-premiere2.jpg\" alt=\"\" width=\"606\" height=\"455\" srcset=\"https:\/\/elinformanteperu.com\/wp-content\/uploads\/2021\/12\/manco-capac-premiere2.jpg 606w, https:\/\/elinformanteperu.com\/wp-content\/uploads\/2021\/12\/manco-capac-premiere2-300x225.jpg 300w\" sizes=\"(max-width: 606px) 100vw, 606px\" \/><\/a><span style=\"color: #000000;\">\u201cDesde el arranque nos dimos cuenta que una pel\u00edcula minimalista no iba a ser f\u00e1cil\u201d, contin\u00faa recordando Henry Vallejo. \u201cEntre el 2012 y 2013 nos embarcamos ingenuamente en un rodaje que iba a ser feroz, con fondos propios y un equipo m\u00ednimo. El primer golpe lo recibimos cuando el protagonista gan\u00f3 una beca y sin m\u00e1s, dej\u00f3 el rodaje. Pasaron tres a\u00f1os hasta que encontramos a Jes\u00fas Luque. Pero no sab\u00edamos que cursaba el cuarto de secundaria y que no podr\u00eda acompa\u00f1arnos con continuidad por sus estudios. Y cuando ingres\u00f3 a la universidad, su disponibilidad fue a\u00fan m\u00e1s escasa. Sumado a esto, el elenco no se terminaba de completar. Finalmente, con actores peruanos y extranjeros que pasaban por Puno, sorteando innumerables obst\u00e1culos, logramos cohesionar entre los hermanos Vallejo, Jes\u00fas y todo el elenco, un equipo que no claudicar\u00eda. El rodaje se termin\u00f3 cuatro a\u00f1os despu\u00e9s. Nunca imaginamos que nuestra pel\u00edcula ser\u00eda seleccionada para representar al Per\u00fa en los premios Oscar del 2022\u201d.<\/span><\/p>\n<p><span style=\"color: #000000;\">Manco C\u00e1pac es una producci\u00f3n de Pioneros Producciones distribuida por V&amp;R Films. Completan el reparto, Mario Vel\u00e1squez, Yiliana Chong y Gaby Huaywa. La pel\u00edcula fue premiada por el 24 Festival de Cine de Lima 2020 (Premio al Mejor Actor), por la Asociaci\u00f3n Peruana de Prensa Cinematogr\u00e1fica APRECI 2020 (Mejor Pel\u00edcula Peruana, Mejor Actor y Mejor Gui\u00f3n), y ha tenido un exitoso paso por festivales internacionales. Recientemente tuvo su Avant Premiere. La cinta ha generado gran expectativa.<\/span><\/p>\n<p><a href=\"https:\/\/elinformanteperu.com\/wp-content\/uploads\/2021\/12\/manco-capac-estrenos-salas.jpg\"><img decoding=\"async\" class=\"size-full wp-image-109342 aligncenter\" src=\"https:\/\/elinformanteperu.com\/wp-content\/uploads\/2021\/12\/manco-capac-estrenos-salas.jpg\" alt=\"\" width=\"452\" height=\"452\" srcset=\"https:\/\/elinformanteperu.com\/wp-content\/uploads\/2021\/12\/manco-capac-estrenos-salas.jpg 452w, https:\/\/elinformanteperu.com\/wp-content\/uploads\/2021\/12\/manco-capac-estrenos-salas-300x300.jpg 300w, https:\/\/elinformanteperu.com\/wp-content\/uploads\/2021\/12\/manco-capac-estrenos-salas-150x150.jpg 150w, https:\/\/elinformanteperu.com\/wp-content\/uploads\/2021\/12\/manco-capac-estrenos-salas-60x60.jpg 60w, https:\/\/elinformanteperu.com\/wp-content\/uploads\/2021\/12\/manco-capac-estrenos-salas-50x50.jpg 50w\" sizes=\"(max-width: 452px) 100vw, 452px\" \/><\/a><\/p>\n<p><iframe title=\"YouTube video player\" src=\"https:\/\/www.youtube-nocookie.com\/embed\/Fjom7q13SyA?controls=0\" width=\"520\" height=\"315\" frameborder=\"0\" allowfullscreen=\"allowfullscreen\"><span data-mce-type=\"bookmark\" style=\"display: inline-block; width: 0px; overflow: hidden; line-height: 0;\" class=\"mce_SELRES_start\">\ufeff<\/span><\/iframe><\/p>\n","protected":false},"excerpt":{"rendered":"<p>Lima, 09 Diciembre 2021, (El Informante Per\u00fa).- Manco C\u00e1pac, la pel\u00edcula dirigida por el cineasta pune\u00f1o Henry Vallejo, llega a las salas de cine, seleccionada para que represente al Per\u00fa en la carrera del Oscar 2022, figura en el ranking de las top 20 de la Revista Variety, una de las publicaciones cinematogr\u00e1ficas m\u00e1s influyentes [&hellip;]<\/p>\n","protected":false},"author":1,"featured_media":109339,"comment_status":"closed","ping_status":"closed","sticky":false,"template":"","format":"standard","meta":{"rop_custom_images_group":[],"rop_custom_messages_group":[],"rop_publish_now":"initial","rop_publish_now_accounts":[],"rop_publish_now_history":[],"rop_publish_now_status":"pending","footnotes":""},"categories":[7],"tags":[],"class_list":["post-109338","post","type-post","status-publish","format-standard","has-post-thumbnail","hentry","category-butaca"],"_links":{"self":[{"href":"https:\/\/elinformanteperu.com\/index.php\/wp-json\/wp\/v2\/posts\/109338","targetHints":{"allow":["GET"]}}],"collection":[{"href":"https:\/\/elinformanteperu.com\/index.php\/wp-json\/wp\/v2\/posts"}],"about":[{"href":"https:\/\/elinformanteperu.com\/index.php\/wp-json\/wp\/v2\/types\/post"}],"author":[{"embeddable":true,"href":"https:\/\/elinformanteperu.com\/index.php\/wp-json\/wp\/v2\/users\/1"}],"replies":[{"embeddable":true,"href":"https:\/\/elinformanteperu.com\/index.php\/wp-json\/wp\/v2\/comments?post=109338"}],"version-history":[{"count":1,"href":"https:\/\/elinformanteperu.com\/index.php\/wp-json\/wp\/v2\/posts\/109338\/revisions"}],"predecessor-version":[{"id":109343,"href":"https:\/\/elinformanteperu.com\/index.php\/wp-json\/wp\/v2\/posts\/109338\/revisions\/109343"}],"wp:featuredmedia":[{"embeddable":true,"href":"https:\/\/elinformanteperu.com\/index.php\/wp-json\/wp\/v2\/media\/109339"}],"wp:attachment":[{"href":"https:\/\/elinformanteperu.com\/index.php\/wp-json\/wp\/v2\/media?parent=109338"}],"wp:term":[{"taxonomy":"category","embeddable":true,"href":"https:\/\/elinformanteperu.com\/index.php\/wp-json\/wp\/v2\/categories?post=109338"},{"taxonomy":"post_tag","embeddable":true,"href":"https:\/\/elinformanteperu.com\/index.php\/wp-json\/wp\/v2\/tags?post=109338"}],"curies":[{"name":"wp","href":"https:\/\/api.w.org\/{rel}","templated":true}]}}