{"id":10932,"date":"2017-05-30T01:22:58","date_gmt":"2017-05-30T06:22:58","guid":{"rendered":"http:\/\/elinformanteperu.com\/?p=10932"},"modified":"2017-05-30T01:22:58","modified_gmt":"2017-05-30T06:22:58","slug":"fiscalia-anticorrupcion-abre-de-oficio-investigacion-a-contralor-edgar-alarcon","status":"publish","type":"post","link":"https:\/\/elinformanteperu.com\/index.php\/2017\/05\/30\/fiscalia-anticorrupcion-abre-de-oficio-investigacion-a-contralor-edgar-alarcon\/","title":{"rendered":"Fiscal\u00eda anticorrupci\u00f3n abre de oficio investigaci\u00f3n a contralor Edgar Alarc\u00f3n"},"content":{"rendered":"<p><strong><span style=\"color: #000000;\">El cuarto despacho de la Primera Fiscal\u00eda Anticorrupci\u00f3n abri\u00f3 de oficio una investigaci\u00f3n al contralor general de la Rep\u00fablica, Edgar Alarc\u00f3n<\/span><\/strong><\/p>\n<p><span style=\"color: #000000;\"><strong>Lima, 29 Mayo 2017, (ANDINA).-<\/strong> El cuarto despacho de la Primera Fiscal\u00eda Anticorrupci\u00f3n abri\u00f3 de oficio una investigaci\u00f3n al contralor general de la Rep\u00fablica, Edgar Alarc\u00f3n, inform\u00f3 el Ministerio P\u00fablico (MP).<\/span><\/p>\n<p><span style=\"color: #000000;\">A trav\u00e9s de su cuenta en Twitter, detall\u00f3 que la fiscal Zoila Sueno dispuso la carpeta 201-2017 por un presunto pago irregular de liquidaci\u00f3n a una extrabajadora de la Contralor\u00eda General de la Rep\u00fablica.<\/span><\/p>\n<p><span style=\"color: #000000;\">En la v\u00edspera, el programa Cuarto Poder inform\u00f3 que entre 2002 y 2015 Edgar Alarc\u00f3n adquiri\u00f3 90 autos junto con sus hijos para operaciones de compra venta, actividad que se contrapone con la funci\u00f3n de vicecontralor de la Rep\u00fablica, cargo que ocup\u00f3 entre 2013-2016.<\/span><\/p>\n<p><span style=\"color: #000000;\">Adem\u00e1s, dio cuenta del caso del despido irregular de la extrabajadora del \u00e1rea de Tesorer\u00eda Marcela Emilia Mej\u00eda Franco, quien seg\u00fan el auditor de la Contralor\u00eda, fue cesada con S\/ 127 mil y otros S\/ 100 mil bajo el concepto de pago de vi\u00e1ticos.<\/span><\/p>\n<p><span style=\"color: #000000;\">En el reportaje tambi\u00e9n se present\u00f3 un audio en el que Edgar Alarc\u00f3n convoc\u00f3 a su despacho al auditor de la Contralor\u00eda y tuvieron una conservaci\u00f3n para que retire su denuncia y presente sus descargos ante \u00e9l.<\/span><\/p>\n<p><span style=\"color: #000000;\">Hace unas horas, el contralor dijo que no piensa renunciar al cargo, al asegurar que no cometi\u00f3 ninguna irregularidad en torno a dicha denuncia.<\/span><\/p>\n","protected":false},"excerpt":{"rendered":"<p>El cuarto despacho de la Primera Fiscal\u00eda Anticorrupci\u00f3n abri\u00f3 de oficio una investigaci\u00f3n al contralor general de la Rep\u00fablica, Edgar Alarc\u00f3n Lima, 29 Mayo 2017, (ANDINA).- El cuarto despacho de la Primera Fiscal\u00eda Anticorrupci\u00f3n abri\u00f3 de oficio una investigaci\u00f3n al contralor general de la Rep\u00fablica, Edgar Alarc\u00f3n, inform\u00f3 el Ministerio P\u00fablico (MP). A trav\u00e9s de [&hellip;]<\/p>\n","protected":false},"author":1,"featured_media":10434,"comment_status":"open","ping_status":"open","sticky":false,"template":"","format":"standard","meta":{"rop_custom_images_group":[],"rop_custom_messages_group":[],"rop_publish_now":"initial","rop_publish_now_accounts":[],"rop_publish_now_history":[],"rop_publish_now_status":"pending","footnotes":""},"categories":[5],"tags":[177,855,430],"class_list":["post-10932","post","type-post","status-publish","format-standard","has-post-thumbnail","hentry","category-actualidad-informativa","tag-contraloria","tag-edgar-alarcon","tag-fiscalia"],"_links":{"self":[{"href":"https:\/\/elinformanteperu.com\/index.php\/wp-json\/wp\/v2\/posts\/10932","targetHints":{"allow":["GET"]}}],"collection":[{"href":"https:\/\/elinformanteperu.com\/index.php\/wp-json\/wp\/v2\/posts"}],"about":[{"href":"https:\/\/elinformanteperu.com\/index.php\/wp-json\/wp\/v2\/types\/post"}],"author":[{"embeddable":true,"href":"https:\/\/elinformanteperu.com\/index.php\/wp-json\/wp\/v2\/users\/1"}],"replies":[{"embeddable":true,"href":"https:\/\/elinformanteperu.com\/index.php\/wp-json\/wp\/v2\/comments?post=10932"}],"version-history":[{"count":1,"href":"https:\/\/elinformanteperu.com\/index.php\/wp-json\/wp\/v2\/posts\/10932\/revisions"}],"predecessor-version":[{"id":10933,"href":"https:\/\/elinformanteperu.com\/index.php\/wp-json\/wp\/v2\/posts\/10932\/revisions\/10933"}],"wp:featuredmedia":[{"embeddable":true,"href":"https:\/\/elinformanteperu.com\/index.php\/wp-json\/wp\/v2\/media\/10434"}],"wp:attachment":[{"href":"https:\/\/elinformanteperu.com\/index.php\/wp-json\/wp\/v2\/media?parent=10932"}],"wp:term":[{"taxonomy":"category","embeddable":true,"href":"https:\/\/elinformanteperu.com\/index.php\/wp-json\/wp\/v2\/categories?post=10932"},{"taxonomy":"post_tag","embeddable":true,"href":"https:\/\/elinformanteperu.com\/index.php\/wp-json\/wp\/v2\/tags?post=10932"}],"curies":[{"name":"wp","href":"https:\/\/api.w.org\/{rel}","templated":true}]}}