{"id":10930,"date":"2017-05-30T01:20:29","date_gmt":"2017-05-30T06:20:29","guid":{"rendered":"http:\/\/elinformanteperu.com\/?p=10930"},"modified":"2017-05-30T01:20:29","modified_gmt":"2017-05-30T06:20:29","slug":"humala-denuncias-en-mi-contra-buscan-inhabilitarme-de-la-politica","status":"publish","type":"post","link":"https:\/\/elinformanteperu.com\/index.php\/2017\/05\/30\/humala-denuncias-en-mi-contra-buscan-inhabilitarme-de-la-politica\/","title":{"rendered":"Humala: \u201cDenuncias en mi contra buscan inhabilitarme de la pol\u00edtica\u201d"},"content":{"rendered":"<p><strong><span style=\"color: #000000;\">El expresidente Ollanta Humala se\u00f1al\u00f3 que las denuncias en su contra por el caso Madre M\u00eda buscan inhabilitarlo de la pol\u00edtica.<\/span><\/strong><\/p>\n<p><span style=\"color: #000000;\"><strong>Lima, 29 Mayo 2017, (ANDINA).-<\/strong> El expresidente Ollanta Humala se\u00f1al\u00f3 que las denuncias en su contra por el caso Madre M\u00eda buscan inhabilitarlo de la pol\u00edtica y dijo que \u00abno tiene nada de qu\u00e9 avergonzarse\u00bb durante su desempe\u00f1o en las zonas de emergencia.<\/span><\/p>\n<p><span style=\"color: #000000;\">\u201cEstamos aceptando y yendo cada vez que nos citan tanto al Congreso de la Rep\u00fablica, como al Ministerio P\u00fablico, para seguir colaborando desde mi pa\u00eds. La intensi\u00f3n de esto apunta a tratar desesperadamente de inhabilitarnos para continuar en la pol\u00edtica y eso no nos parece democr\u00e1tico\u201d, indic\u00f3.<\/span><\/p>\n<p><span style=\"color: #000000;\">Humala calific\u00f3 de \u201cdisparates\u201d las acusaciones en su contra por las presuntas violaciones a los derechos humanos en la base contrasubversiva \u201cMadre M\u00eda\u201d, ubicada en Tingo Mar\u00eda en la regi\u00f3n San Mart\u00edn, cuando era jefe de esa base.<\/span><\/p>\n<p><span style=\"color: #000000;\">En tal sentido, Humala agreg\u00f3 que no tiene nada de qu\u00e9 avergonzarse durante su desempe\u00f1o en zonas de emergencia.<\/span><\/p>\n<p><span style=\"color: #000000;\">Huamala Tasso sostuvo que ya en el informe de la Comisi\u00f3n de la Verdad y Reconciliaci\u00f3n (CVR) jam\u00e1s fue denunciado, sin embargo, hoy est\u00e1 afrontando \u201cuna serie de ataques y denuncias\u201d.<\/span><\/p>\n<p><span style=\"color: #000000;\">En referencia al informe de la Comisi\u00f3n de Fiscalizaci\u00f3n del Congreso que implica a su esposa Nadine Heredia en el delito de usurpaci\u00f3n de funciones, lament\u00f3 que ese documento alcance tambi\u00e9n a sus exministros, ya que, seg\u00fan dijo, ellos s\u00f3lo trabajaron pensando en hacer una buena gesti\u00f3n para el pa\u00eds.<\/span><\/p>\n","protected":false},"excerpt":{"rendered":"<p>El expresidente Ollanta Humala se\u00f1al\u00f3 que las denuncias en su contra por el caso Madre M\u00eda buscan inhabilitarlo de la pol\u00edtica. Lima, 29 Mayo 2017, (ANDINA).- El expresidente Ollanta Humala se\u00f1al\u00f3 que las denuncias en su contra por el caso Madre M\u00eda buscan inhabilitarlo de la pol\u00edtica y dijo que \u00abno tiene nada de qu\u00e9 [&hellip;]<\/p>\n","protected":false},"author":1,"featured_media":2086,"comment_status":"open","ping_status":"open","sticky":false,"template":"","format":"standard","meta":{"rop_custom_images_group":[],"rop_custom_messages_group":[],"rop_publish_now":"initial","rop_publish_now_accounts":[],"rop_publish_now_history":[],"rop_publish_now_status":"pending","footnotes":""},"categories":[5],"tags":[1461,403],"class_list":["post-10930","post","type-post","status-publish","format-standard","has-post-thumbnail","hentry","category-actualidad-informativa","tag-madre-mia","tag-ollanta-humala"],"_links":{"self":[{"href":"https:\/\/elinformanteperu.com\/index.php\/wp-json\/wp\/v2\/posts\/10930","targetHints":{"allow":["GET"]}}],"collection":[{"href":"https:\/\/elinformanteperu.com\/index.php\/wp-json\/wp\/v2\/posts"}],"about":[{"href":"https:\/\/elinformanteperu.com\/index.php\/wp-json\/wp\/v2\/types\/post"}],"author":[{"embeddable":true,"href":"https:\/\/elinformanteperu.com\/index.php\/wp-json\/wp\/v2\/users\/1"}],"replies":[{"embeddable":true,"href":"https:\/\/elinformanteperu.com\/index.php\/wp-json\/wp\/v2\/comments?post=10930"}],"version-history":[{"count":1,"href":"https:\/\/elinformanteperu.com\/index.php\/wp-json\/wp\/v2\/posts\/10930\/revisions"}],"predecessor-version":[{"id":10931,"href":"https:\/\/elinformanteperu.com\/index.php\/wp-json\/wp\/v2\/posts\/10930\/revisions\/10931"}],"wp:featuredmedia":[{"embeddable":true,"href":"https:\/\/elinformanteperu.com\/index.php\/wp-json\/wp\/v2\/media\/2086"}],"wp:attachment":[{"href":"https:\/\/elinformanteperu.com\/index.php\/wp-json\/wp\/v2\/media?parent=10930"}],"wp:term":[{"taxonomy":"category","embeddable":true,"href":"https:\/\/elinformanteperu.com\/index.php\/wp-json\/wp\/v2\/categories?post=10930"},{"taxonomy":"post_tag","embeddable":true,"href":"https:\/\/elinformanteperu.com\/index.php\/wp-json\/wp\/v2\/tags?post=10930"}],"curies":[{"name":"wp","href":"https:\/\/api.w.org\/{rel}","templated":true}]}}