{"id":10928,"date":"2017-05-30T01:18:12","date_gmt":"2017-05-30T06:18:12","guid":{"rendered":"http:\/\/elinformanteperu.com\/?p=10928"},"modified":"2017-05-30T01:18:12","modified_gmt":"2017-05-30T06:18:12","slug":"velasquez-quesquen-pide-remover-del-cargo-a-contralor-edgar-alarcon","status":"publish","type":"post","link":"https:\/\/elinformanteperu.com\/index.php\/2017\/05\/30\/velasquez-quesquen-pide-remover-del-cargo-a-contralor-edgar-alarcon\/","title":{"rendered":"Vel\u00e1squez Quesqu\u00e9n pide remover del cargo a contralor Edgar Alarc\u00f3n"},"content":{"rendered":"<p><strong><span style=\"color: #000000;\">El congresista Javier Vel\u00e1squez Quesqu\u00e9n inform\u00f3 que solicitar\u00e1 la remoci\u00f3n del contralor general de la Rep\u00fablica, Edgar Alarc\u00f3n Tejada.<\/span><\/strong><\/p>\n<p><span style=\"color: #000000;\"><strong>Lima, 29 Mayo 2017, (ANDINA).-<\/strong> El congresista Javier Vel\u00e1squez Quesqu\u00e9n inform\u00f3 que solicitar\u00e1 a la presidenta del Congreso, Luz Salgado, la convocatoria a Comisi\u00f3n Permanente para considerar la remoci\u00f3n del contralor general de la Rep\u00fablica, Edgar Alarc\u00f3n Tejada.<\/span><\/p>\n<p><span style=\"color: #000000;\">A trav\u00e9s de sus redes sociales, indic\u00f3 que este pedido es por haber realizado actividades lucrativas, pese a que estaba prohibido mientras ejerc\u00eda el cargo de vicecontralor.<\/span><\/p>\n<p><span style=\"color: #000000;\">\u201cHe solicitado a la Presidenta del Congreso la convocatoria a Comisi\u00f3n Permanente para considerar la remoci\u00f3n del Contralor por no haber acreditado una conducta intachable y reconocida solvencia e idoneidad moral al momento de postular y asumir el cargo\u201d, precis\u00f3.<\/span><\/p>\n<p><span style=\"color: #000000;\">El legislador afirm\u00f3 que conforme se conoci\u00f3, en una denuncia period\u00edstica, el contralor no declar\u00f3 haber realizado actividades lucrativas de compra venta de decenas de veh\u00edculos automotores.<\/span><\/p>\n<p><span style=\"color: #000000;\">\u201cEstaba expresamente prohibido al ejercer el cargo de vicecontralor heneral, adem\u00e1s de no haber incluido en sus declaraciones juradas las ganancias derivadas de dichas transacciones, entre otras causas\u201d, asever\u00f3.<\/span><\/p>\n<p><span style=\"color: #000000;\">Ayer, el programa Cuarto Poder inform\u00f3 que entre 2002 y 2015 Edgar Alarc\u00f3n adquiri\u00f3 90 autos junto con sus hijos para operaciones de compra venta, actividad que se contrapone con la funci\u00f3n de vicecontralor de la Rep\u00fablica, cargo que ocup\u00f3 entre 2013-2016.<\/span><\/p>\n<p><span style=\"color: #000000;\">Hoy el propio contralor declar\u00f3 que no piensa renunciar al cargo, al asegurar que no cometi\u00f3 ninguna irregularidad en torno a dicha denuncia.<\/span><\/p>\n","protected":false},"excerpt":{"rendered":"<p>El congresista Javier Vel\u00e1squez Quesqu\u00e9n inform\u00f3 que solicitar\u00e1 la remoci\u00f3n del contralor general de la Rep\u00fablica, Edgar Alarc\u00f3n Tejada. Lima, 29 Mayo 2017, (ANDINA).- El congresista Javier Vel\u00e1squez Quesqu\u00e9n inform\u00f3 que solicitar\u00e1 a la presidenta del Congreso, Luz Salgado, la convocatoria a Comisi\u00f3n Permanente para considerar la remoci\u00f3n del contralor general de la Rep\u00fablica, Edgar [&hellip;]<\/p>\n","protected":false},"author":1,"featured_media":6282,"comment_status":"open","ping_status":"open","sticky":false,"template":"","format":"standard","meta":{"rop_custom_images_group":[],"rop_custom_messages_group":[],"rop_publish_now":"initial","rop_publish_now_accounts":[],"rop_publish_now_history":[],"rop_publish_now_status":"pending","footnotes":""},"categories":[5],"tags":[177,855,1100],"class_list":["post-10928","post","type-post","status-publish","format-standard","has-post-thumbnail","hentry","category-actualidad-informativa","tag-contraloria","tag-edgar-alarcon","tag-javier-velasquez-quesquen"],"_links":{"self":[{"href":"https:\/\/elinformanteperu.com\/index.php\/wp-json\/wp\/v2\/posts\/10928","targetHints":{"allow":["GET"]}}],"collection":[{"href":"https:\/\/elinformanteperu.com\/index.php\/wp-json\/wp\/v2\/posts"}],"about":[{"href":"https:\/\/elinformanteperu.com\/index.php\/wp-json\/wp\/v2\/types\/post"}],"author":[{"embeddable":true,"href":"https:\/\/elinformanteperu.com\/index.php\/wp-json\/wp\/v2\/users\/1"}],"replies":[{"embeddable":true,"href":"https:\/\/elinformanteperu.com\/index.php\/wp-json\/wp\/v2\/comments?post=10928"}],"version-history":[{"count":1,"href":"https:\/\/elinformanteperu.com\/index.php\/wp-json\/wp\/v2\/posts\/10928\/revisions"}],"predecessor-version":[{"id":10929,"href":"https:\/\/elinformanteperu.com\/index.php\/wp-json\/wp\/v2\/posts\/10928\/revisions\/10929"}],"wp:featuredmedia":[{"embeddable":true,"href":"https:\/\/elinformanteperu.com\/index.php\/wp-json\/wp\/v2\/media\/6282"}],"wp:attachment":[{"href":"https:\/\/elinformanteperu.com\/index.php\/wp-json\/wp\/v2\/media?parent=10928"}],"wp:term":[{"taxonomy":"category","embeddable":true,"href":"https:\/\/elinformanteperu.com\/index.php\/wp-json\/wp\/v2\/categories?post=10928"},{"taxonomy":"post_tag","embeddable":true,"href":"https:\/\/elinformanteperu.com\/index.php\/wp-json\/wp\/v2\/tags?post=10928"}],"curies":[{"name":"wp","href":"https:\/\/api.w.org\/{rel}","templated":true}]}}