{"id":10922,"date":"2017-05-30T01:09:32","date_gmt":"2017-05-30T06:09:32","guid":{"rendered":"http:\/\/elinformanteperu.com\/?p=10922"},"modified":"2017-05-30T01:09:32","modified_gmt":"2017-05-30T06:09:32","slug":"caso-odebrecht-jorge-acurio-sera-recluido-en-penal-ancon-i","status":"publish","type":"post","link":"https:\/\/elinformanteperu.com\/index.php\/2017\/05\/30\/caso-odebrecht-jorge-acurio-sera-recluido-en-penal-ancon-i\/","title":{"rendered":"Caso Odebrecht: Jorge Acurio ser\u00e1 recluido en penal Anc\u00f3n I"},"content":{"rendered":"<p><strong><span style=\"color: #000000;\">El exgobernador regional de Cusco, Jorge Acurio Tito, cumplir\u00e1 en el establecimiento penitenciario Anc\u00f3n I los 18 meses de prisi\u00f3n preventiva que le impuso el Poder Judicial.<\/span><\/strong><\/p>\n<p><span style=\"color: #000000;\"><strong>Lima, 29 Mayo 2017, (ANDINA).-<\/strong> El exgobernador regional de Cusco, Jorge Acurio Tito, cumplir\u00e1 en el establecimiento penitenciario Anc\u00f3n I los 18 meses de prisi\u00f3n preventiva que le impuso el Poder Judicial en el marco de las investigaciones por recibir una presunta coima de 1.2 millones de d\u00f3lares de la empresa Odebrecht.<\/span><\/p>\n<p><span style=\"color: #000000;\">La informaci\u00f3n fue confirmada por el Instituto Nacional Penitenciario (INPE) a trav\u00e9s de su cuenta en Twitter.<\/span><\/p>\n<p><span style=\"color: #000000;\">El \u00faltimo s\u00e1bado, el titular del Tercer Juzgado de Investigaci\u00f3n Preparatoria Nacional, Manuel Chuyo, 18 meses de prisi\u00f3n preventiva para Jorge Acurio y el empresario Gustavo Salazar Delgado, quien se encuentra fuera del pa\u00eds.<\/span><\/p>\n<p><span style=\"color: #000000;\">El juez consider\u00f3 que en ambos caso se acredit\u00f3 la presunta comisi\u00f3n de los delitos de tr\u00e1fico de influencias y lavado de activos.<\/span><\/p>\n<p><span style=\"color: #000000;\">Durante la audiencia de aquel d\u00eda, el fiscal Marcial Paucar Chappa argument\u00f3 que Acurio Tito habr\u00eda sido el beneficiario final de dos dep\u00f3sitos por 1.2 millones de d\u00f3lares realizados por la empresa Odebrecht a cambio de influenciar a su favor en la licitaci\u00f3n de la obra V\u00eda Expresa del Cusco.<\/span><\/p>\n<p><span style=\"color: #000000;\">Los dep\u00f3sitos, seg\u00fan dijo el fiscal, se realizaron en la cuenta de la empresa off shore Wircel S.A., de propiedad de Gustavo Salazar Delgado, quien, a su vez, entreg\u00f3 el dinero a Acurio en una cafeter\u00eda de Lima y en sus oficinas.<\/span><\/p>\n","protected":false},"excerpt":{"rendered":"<p>El exgobernador regional de Cusco, Jorge Acurio Tito, cumplir\u00e1 en el establecimiento penitenciario Anc\u00f3n I los 18 meses de prisi\u00f3n preventiva que le impuso el Poder Judicial. Lima, 29 Mayo 2017, (ANDINA).- El exgobernador regional de Cusco, Jorge Acurio Tito, cumplir\u00e1 en el establecimiento penitenciario Anc\u00f3n I los 18 meses de prisi\u00f3n preventiva que le [&hellip;]<\/p>\n","protected":false},"author":1,"featured_media":10923,"comment_status":"open","ping_status":"open","sticky":false,"template":"","format":"standard","meta":{"rop_custom_images_group":[],"rop_custom_messages_group":[],"rop_publish_now":"initial","rop_publish_now_accounts":[],"rop_publish_now_history":[],"rop_publish_now_status":"pending","footnotes":""},"categories":[5],"tags":[1600,619],"class_list":["post-10922","post","type-post","status-publish","format-standard","has-post-thumbnail","hentry","category-actualidad-informativa","tag-jorge-acurio","tag-odebrecht"],"_links":{"self":[{"href":"https:\/\/elinformanteperu.com\/index.php\/wp-json\/wp\/v2\/posts\/10922","targetHints":{"allow":["GET"]}}],"collection":[{"href":"https:\/\/elinformanteperu.com\/index.php\/wp-json\/wp\/v2\/posts"}],"about":[{"href":"https:\/\/elinformanteperu.com\/index.php\/wp-json\/wp\/v2\/types\/post"}],"author":[{"embeddable":true,"href":"https:\/\/elinformanteperu.com\/index.php\/wp-json\/wp\/v2\/users\/1"}],"replies":[{"embeddable":true,"href":"https:\/\/elinformanteperu.com\/index.php\/wp-json\/wp\/v2\/comments?post=10922"}],"version-history":[{"count":1,"href":"https:\/\/elinformanteperu.com\/index.php\/wp-json\/wp\/v2\/posts\/10922\/revisions"}],"predecessor-version":[{"id":10924,"href":"https:\/\/elinformanteperu.com\/index.php\/wp-json\/wp\/v2\/posts\/10922\/revisions\/10924"}],"wp:featuredmedia":[{"embeddable":true,"href":"https:\/\/elinformanteperu.com\/index.php\/wp-json\/wp\/v2\/media\/10923"}],"wp:attachment":[{"href":"https:\/\/elinformanteperu.com\/index.php\/wp-json\/wp\/v2\/media?parent=10922"}],"wp:term":[{"taxonomy":"category","embeddable":true,"href":"https:\/\/elinformanteperu.com\/index.php\/wp-json\/wp\/v2\/categories?post=10922"},{"taxonomy":"post_tag","embeddable":true,"href":"https:\/\/elinformanteperu.com\/index.php\/wp-json\/wp\/v2\/tags?post=10922"}],"curies":[{"name":"wp","href":"https:\/\/api.w.org\/{rel}","templated":true}]}}